{"id":30108,"date":"2021-11-08T12:28:53","date_gmt":"2021-11-08T18:28:53","guid":{"rendered":"https:\/\/nvnoticias.mx\/?p=30108"},"modified":"2021-11-08T12:28:53","modified_gmt":"2021-11-08T18:28:53","slug":"anuncia-inifap-reunion-cientifica-2021","status":"publish","type":"post","link":"https:\/\/nvnoticias.mx\/index.php\/2021\/11\/08\/anuncia-inifap-reunion-cientifica-2021\/","title":{"rendered":"Anuncia INIFAP la Reuni\u00f3n Cient\u00edfica, Tecnol\u00f3gica, Forestal y Agropecuaria Veracruz 2021"},"content":{"rendered":"\n<p><strong>Jes\u00fas&nbsp;Utrilla&nbsp;| NV Noticias<\/strong>&nbsp;<\/p>\n\n\n\n<p>Veracruz. \u2013\u00a0\u00a0Las investigaciones del INIFAP se siguieron desarrollando a pesar de la pandemia.<\/p>\n\n\n\n<p>\u00a0Jorge Mart\u00ednez Herrera, director regional del Centro de Investigaci\u00f3n Golfo Centro del INIFAP, se\u00f1al\u00f3 que mantuvieron los estudios del campo y los resultados obtenidos se dar\u00e1n a conocer en la Trig\u00e9sima Reuni\u00f3n Cient\u00edfica, Tecnol\u00f3gica, Forestal y Agropecuaria Veracruz 2021, donde se contar\u00e1 con la participaci\u00f3n de instituciones estatales, regionales y nacionales.\u00a0<\/p>\n\n\n\n<p>Dicho evento se efectuar\u00e1 de manera virtual, del 22 al 24 de noviembre.&nbsp;<\/p>\n\n\n\n<p>Admiti\u00f3 que durante 2020 y a inicios de este a\u00f1o el trabajo de investigaci\u00f3n se retras\u00f3, sin embargo, se generaron cerca de 191 trabajos que ser\u00e1n presentados en el evento mencionado.&nbsp;<\/p>\n\n\n\n<p>Se desarrollar\u00e1 una mesa agr\u00edcola, pecuaria, enfocada a la pesquer\u00eda, por supuesto presentaremos los trabajos de biotecnolog\u00eda y hablaremos de la transferencia de tecnolog\u00eda, as\u00ed como trabajos en materia acu\u00edcola, forestal, de&nbsp;agrosistemas, entre otros\u201d.&nbsp;<\/p>\n\n\n\n<p>Se abordar\u00e1n temas de desarrollo rural, medio ambiente, recursos naturales y cambio clim\u00e1tico, entre otros.&nbsp;<\/p>\n\n\n\n<p>La&nbsp;Trig\u00e9sima Reuni\u00f3n Cient\u00edfica, Tecnol\u00f3gica, Forestal y Agropecuaria Veracruz 2021 se trasmitir\u00e1 en redes sociales ya que adem\u00e1s de ir dirigida a acad\u00e9micos e investigadores, contemplar\u00e1 a estudiantes.&nbsp;<\/p>\n\n\n\n<p>Reiter\u00f3 el compromiso de quienes conforman el&nbsp;Inifap&nbsp;para seguir aportando al campo mexicano.<\/p>\n","protected":false},"excerpt":{"rendered":"<p>Jes\u00fas&nbsp;Utrilla&nbsp;| NV Noticias&nbsp; Veracruz. \u2013\u00a0\u00a0Las investigaciones del INIFAP se siguieron desarrollando a pesar de la pandemia. \u00a0Jorge Mart\u00ednez Herrera, director regional del Centro de Investigaci\u00f3n Golfo Centro del INIFAP, se\u00f1al\u00f3 que mantuvieron los estudios del campo y los resultados obtenidos se dar\u00e1n a conocer en la Trig\u00e9sima Reuni\u00f3n Cient\u00edfica, Tecnol\u00f3gica, Forestal y Agropecuaria Veracruz 2021, [&hellip;]<\/p>\n","protected":false},"author":6,"featured_media":30110,"comment_status":"open","ping_status":"open","sticky":false,"template":"","format":"standard","meta":{"_monsterinsights_skip_tracking":false,"_monsterinsights_sitenote_active":false,"_monsterinsights_sitenote_note":"","_monsterinsights_sitenote_category":0,"footnotes":""},"categories":[154],"tags":[2430,7034],"class_list":["post-30108","post","type-post","status-publish","format-standard","has-post-thumbnail","hentry","category-veracruz","tag-inifap","tag-reunion-cientifica","wp-image-borders"],"amp_enabled":true,"_links":{"self":[{"href":"https:\/\/nvnoticias.mx\/index.php\/wp-json\/wp\/v2\/posts\/30108","targetHints":{"allow":["GET"]}}],"collection":[{"href":"https:\/\/nvnoticias.mx\/index.php\/wp-json\/wp\/v2\/posts"}],"about":[{"href":"https:\/\/nvnoticias.mx\/index.php\/wp-json\/wp\/v2\/types\/post"}],"author":[{"embeddable":true,"href":"https:\/\/nvnoticias.mx\/index.php\/wp-json\/wp\/v2\/users\/6"}],"replies":[{"embeddable":true,"href":"https:\/\/nvnoticias.mx\/index.php\/wp-json\/wp\/v2\/comments?post=30108"}],"version-history":[{"count":1,"href":"https:\/\/nvnoticias.mx\/index.php\/wp-json\/wp\/v2\/posts\/30108\/revisions"}],"predecessor-version":[{"id":30109,"href":"https:\/\/nvnoticias.mx\/index.php\/wp-json\/wp\/v2\/posts\/30108\/revisions\/30109"}],"wp:featuredmedia":[{"embeddable":true,"href":"https:\/\/nvnoticias.mx\/index.php\/wp-json\/wp\/v2\/media\/30110"}],"wp:attachment":[{"href":"https:\/\/nvnoticias.mx\/index.php\/wp-json\/wp\/v2\/media?parent=30108"}],"wp:term":[{"taxonomy":"category","embeddable":true,"href":"https:\/\/nvnoticias.mx\/index.php\/wp-json\/wp\/v2\/categories?post=30108"},{"taxonomy":"post_tag","embeddable":true,"href":"https:\/\/nvnoticias.mx\/index.php\/wp-json\/wp\/v2\/tags?post=30108"}],"curies":[{"name":"wp","href":"https:\/\/api.w.org\/{rel}","templated":true}]}}