{"id":29892,"date":"2021-11-05T14:28:02","date_gmt":"2021-11-05T20:28:02","guid":{"rendered":"https:\/\/nvnoticias.mx\/?p=29892"},"modified":"2021-11-05T14:28:04","modified_gmt":"2021-11-05T20:28:04","slug":"en-comparecencia-lorenzo-cordova-ante-camara-de-diputados-y-le-terminan-gritando","status":"publish","type":"post","link":"https:\/\/nvnoticias.mx\/index.php\/2021\/11\/05\/en-comparecencia-lorenzo-cordova-ante-camara-de-diputados-y-le-terminan-gritando\/","title":{"rendered":"En comparecencia Lorenzo C\u00f3rdova ante C\u00e1mara de Diputados y le terminan gritando"},"content":{"rendered":"\n<p>El presidente del Consejo General del instituto Nacional Electoral (INE), Lorenzo C\u00f3rdova, comparece ante el pleno de la C\u00e1mara de Diputados, para exponer el proyecto de presupuesto del organismo electoral. <\/p>\n\n\n\n<p>C\u00f3rdova\u00a0Vianello\u00a0comparece ante el pleno, en un hecho sin precedentes para explicar el destino de los m\u00e1s de 24 mil millones de pesos de presupuesto que el organismo ha solicitado para 2022. <\/p>\n\n\n\n<p>El consejero tendr\u00e1 una intervenci\u00f3n inicial de 15 minutos, seguida de los posicionamientos de los siete grupos parlamentarios hasta por diez minutos cada uno. Posteriormente se abrir\u00e1n dos rondas de preguntas y respuestas. <\/p>\n\n\n\n<p>El presidente del INE lleg\u00f3 al Palacio de San L\u00e1zaro cerca de las 10:00 horas,\u00a0del brazo de la consejera Claudia Zavala, adem\u00e1s de los consejeros Jaime Rivera y Ciro Murayama.<\/p>\n\n\n\n<blockquote class=\"wp-block-quote is-layout-flow wp-block-quote-is-layout-flow\"><p>\u201cAcudo esta ma\u00f1ana a la C\u00e1mara de Diputados ante la atenta invitaci\u00f3n que se me ha hecho para sostener un di\u00e1logo institucional y democr\u00e1tico con las y los integrantes de la LXV Legislatura sobre el requerimiento presupuestal del INEM para el ejercicio fiscal 2022\u201d, escribi\u00f3 en su cuenta de Twitter. <\/p><\/blockquote>\n\n\n\n<p>La invitaci\u00f3n se dio para todo el Consejo General, pues la comparecencia se trata del presupuesto del \u00f3rgano electoral y no de la labor de C\u00f3rdova en lo individual. La consejera Dania Ravel se\u00f1al\u00f3 en su cuenta de Twitter que no podr\u00eda acompa\u00f1ar al Consejo y abog\u00f3 por el di\u00e1logo respetuoso. <\/p>\n\n\n\n<blockquote class=\"twitter-tweet\"><p lang=\"es\" dir=\"ltr\">????<a href=\"https:\/\/twitter.com\/hashtag\/EnVivo?src=hash&amp;ref_src=twsrc%5Etfw\">#EnVivo<\/a> Sesi\u00f3n Ordinaria de la C\u00e1mara de Diputados <a href=\"https:\/\/twitter.com\/hashtag\/LXVLegislatura?src=hash&amp;ref_src=twsrc%5Etfw\">#LXVLegislatura<\/a> <a href=\"https:\/\/twitter.com\/Sergeluna_S?ref_src=twsrc%5Etfw\">@Sergeluna_S<\/a> <a href=\"https:\/\/twitter.com\/KarlaAlmazan_B?ref_src=twsrc%5Etfw\">@KarlaAlmazan_B<\/a> <a href=\"https:\/\/twitter.com\/SantiagoCreelM?ref_src=twsrc%5Etfw\">@SantiagoCreelM<\/a> <a href=\"https:\/\/twitter.com\/MarcelaGuerraNL?ref_src=twsrc%5Etfw\">@MarcelaGuerraNL<\/a> <a href=\"https:\/\/twitter.com\/_BrendaEspinoza?ref_src=twsrc%5Etfw\">@_BrendaEspinoza<\/a> <a href=\"https:\/\/twitter.com\/jesi_ortega?ref_src=twsrc%5Etfw\">@jesi_ortega<\/a><a href=\"https:\/\/twitter.com\/MichelGonzalezM?ref_src=twsrc%5Etfw\">@MichelGonzalezM<\/a> <a href=\"https:\/\/twitter.com\/fuensantaGuerr4?ref_src=twsrc%5Etfw\">@fuensantaGuerr4<\/a> <a href=\"https:\/\/twitter.com\/JasminBugarin?ref_src=twsrc%5Etfw\">@JasminBugarin<\/a> <a href=\"https:\/\/twitter.com\/ReginaldoSF_PT?ref_src=twsrc%5Etfw\">@ReginaldoSF_PT<\/a> <a href=\"https:\/\/twitter.com\/MacarenaChavezM?ref_src=twsrc%5Etfw\">@MacarenaChavezM<\/a> <a href=\"https:\/\/t.co\/r8cbzXSiAy\">https:\/\/t.co\/r8cbzXSiAy<\/a><\/p>&mdash; Canal del Congreso (@CanalCongreso) <a href=\"https:\/\/twitter.com\/CanalCongreso\/status\/1456666761017790465?ref_src=twsrc%5Etfw\">November 5, 2021<\/a><\/blockquote> <script async src=\"https:\/\/platform.twitter.com\/widgets.js\" charset=\"utf-8\"><\/script>\n\n\n\n<blockquote class=\"wp-block-quote is-layout-flow wp-block-quote-is-layout-flow\"><p>\u201cHoy no podr\u00e9 acudir a la comparecencia de Lorenzo C\u00f3rdova ante la C\u00e1mara de Diputados debido a un compromiso institucional fuera de la Ciudad de M\u00e9xico. Sin embargo, tiene todo mi apoyo y respaldo; el di\u00e1logo respetuoso entre autoridades es deseable. Siempre, en beneficio de la ciudadan\u00eda\u201d, dijo. <\/p><\/blockquote>\n\n\n\n<p>Por el contrario, el consejero Murayama habl\u00f3 de injurias y lanz\u00f3 un \u201cduro con \u00e9l\u201d, desde antes de que llegara a San L\u00e1zaro. <\/p>\n\n\n\n<blockquote class=\"wp-block-quote is-layout-flow wp-block-quote-is-layout-flow\"><p>\u201cPor primera vez en la historia, Lorenzo C\u00f3rdova, consejero presidente del INE comparecer\u00e1 ante la C\u00e1mara de Diputados. El di\u00e1logo, la rendici\u00f3n de cuentas, la cr\u00edtica (que no la injuria) son parte de la vida democr\u00e1tica. Como dice Serrat: \u2018hoy puede ser un gran d\u00eda, duro con \u00e9l\u201d, apunt\u00f3. <\/p><\/blockquote>\n\n\n\n<p>\u200bLorenzo C\u00f3rdova tambi\u00e9n est\u00e1 acompa\u00f1ado de su grupo de asesores y comunicaci\u00f3n social, y explicar\u00e1 los detalles del presupuesto y la necesidad de m\u00e1s de tres mil millones de pesos para que la revocaci\u00f3n de mandato sea de la misma dimensi\u00f3n que una elecci\u00f3n federal. <\/p>\n\n\n\n<p>La comparecencia inici\u00f3 entre gritos de Morena, acusando al consejero de traidor, corrupto y ambicioso, y exigi\u00e9ndole que baje su sueldo. A su llegada al recinto de San L\u00e1zaro, el diputado Pablo Am\u00edlcar Sandoval le entreg\u00f3 una copia de la Constituci\u00f3n y le pidi\u00f3 que la respetara. <\/p>\n\n\n\n<blockquote class=\"wp-block-quote is-layout-flow wp-block-quote-is-layout-flow\"><p>\u201cEstamos aqu\u00ed, con la Constituci\u00f3n, como siempre lo hemos hecho\u201d, respondi\u00f3 C\u00f3rdova. C\u00f3rdova inici\u00f3 su mensaje entre una guerra de pancartas con mensajes en los que se le\u00eda \u201cINE es M\u00e9xico\u201d y \u201cYo soy INE\u201d, contra Sandoval quien ped\u00eda \u201cb\u00e1jate el sueldo\u201d. <\/p><\/blockquote>\n\n\n\n<p>El consejero presidente explic\u00f3 el presupuesto de m\u00e1s de 24 mil millones de pesos y la necesidad de tener recursos para organizar la revocaci\u00f3n de mandato con el mismo nivel, calidad y dimensi\u00f3n que una elecci\u00f3n federal. <\/p>\n\n\n\n<p>Fuente: Milenio <\/p>\n","protected":false},"excerpt":{"rendered":"<p>El presidente del Consejo General del instituto Nacional Electoral (INE), Lorenzo C\u00f3rdova, comparece ante el pleno de la C\u00e1mara de Diputados, para exponer el proyecto de presupuesto del organismo electoral. C\u00f3rdova\u00a0Vianello\u00a0comparece ante el pleno, en un hecho sin precedentes para explicar el destino de los m\u00e1s de 24 mil millones de pesos de presupuesto que [&hellip;]<\/p>\n","protected":false},"author":35,"featured_media":29893,"comment_status":"open","ping_status":"open","sticky":false,"template":"","format":"standard","meta":{"_monsterinsights_skip_tracking":false,"_monsterinsights_sitenote_active":false,"_monsterinsights_sitenote_note":"","_monsterinsights_sitenote_category":0,"footnotes":""},"categories":[158],"tags":[1555,1609],"class_list":["post-29892","post","type-post","status-publish","format-standard","has-post-thumbnail","hentry","category-politica","tag-camara-de-diputados","tag-lorenzo-cordova","wp-image-borders"],"amp_enabled":true,"_links":{"self":[{"href":"https:\/\/nvnoticias.mx\/index.php\/wp-json\/wp\/v2\/posts\/29892","targetHints":{"allow":["GET"]}}],"collection":[{"href":"https:\/\/nvnoticias.mx\/index.php\/wp-json\/wp\/v2\/posts"}],"about":[{"href":"https:\/\/nvnoticias.mx\/index.php\/wp-json\/wp\/v2\/types\/post"}],"author":[{"embeddable":true,"href":"https:\/\/nvnoticias.mx\/index.php\/wp-json\/wp\/v2\/users\/35"}],"replies":[{"embeddable":true,"href":"https:\/\/nvnoticias.mx\/index.php\/wp-json\/wp\/v2\/comments?post=29892"}],"version-history":[{"count":1,"href":"https:\/\/nvnoticias.mx\/index.php\/wp-json\/wp\/v2\/posts\/29892\/revisions"}],"predecessor-version":[{"id":29894,"href":"https:\/\/nvnoticias.mx\/index.php\/wp-json\/wp\/v2\/posts\/29892\/revisions\/29894"}],"wp:featuredmedia":[{"embeddable":true,"href":"https:\/\/nvnoticias.mx\/index.php\/wp-json\/wp\/v2\/media\/29893"}],"wp:attachment":[{"href":"https:\/\/nvnoticias.mx\/index.php\/wp-json\/wp\/v2\/media?parent=29892"}],"wp:term":[{"taxonomy":"category","embeddable":true,"href":"https:\/\/nvnoticias.mx\/index.php\/wp-json\/wp\/v2\/categories?post=29892"},{"taxonomy":"post_tag","embeddable":true,"href":"https:\/\/nvnoticias.mx\/index.php\/wp-json\/wp\/v2\/tags?post=29892"}],"curies":[{"name":"wp","href":"https:\/\/api.w.org\/{rel}","templated":true}]}}