{"id":29886,"date":"2021-11-05T14:15:00","date_gmt":"2021-11-05T20:15:00","guid":{"rendered":"https:\/\/nvnoticias.mx\/?p=29886"},"modified":"2021-11-05T14:15:01","modified_gmt":"2021-11-05T20:15:01","slug":"diputado-no-binario-quiere-encabezar-comision-de-derechos-humanos-en-congreso-de-veracruz","status":"publish","type":"post","link":"https:\/\/nvnoticias.mx\/index.php\/2021\/11\/05\/diputado-no-binario-quiere-encabezar-comision-de-derechos-humanos-en-congreso-de-veracruz\/","title":{"rendered":"Diputado no binario quiere encabezar comisi\u00f3n de Derechos Humanos en Congreso de Veracruz"},"content":{"rendered":"\n<p><strong>Sam Ojeda\u00a0| NV Noticias<\/strong><\/p>\n\n\n\n<p>Xalapa.- El diputado local no binario, Gonzalo Iv\u00e1n Dur\u00e1n Chincoya, dijo que pedir\u00e1 integrar la comisi\u00f3n de Derechos Humanos en la 66 Legislatura instalada este viernes.\u00a0<\/p>\n\n\n\n<p>Entrevistado previo a su rendici\u00f3n de protesta, dijo que al llegar al curul para representar a la comunidad LGBTTTIQ tiene la encomienda de trabajar en materia de derechos humanos para mejorar sus actuales condiciones.\u00a0 \u00a0<\/p>\n\n\n\n<blockquote class=\"wp-block-quote is-layout-flow wp-block-quote-is-layout-flow\"><p>\u201cVamos a solicitar tener la comisi\u00f3n de Derechos Humanos, porque se debe trabajar de aqu\u00ed hacia adelante\u201d.\u00a0<\/p><\/blockquote>\n\n\n\n<p>Sobre los cr\u00edmenes de odio que se registran en el estado, dijo que estos son condenables pero que la Fiscal\u00eda General de Veracruz (FGE) ha actuado responsablemente y hay detenidos en los casos m\u00e1s recientes.\u00a0<\/p>\n\n\n\n<blockquote class=\"wp-block-quote is-layout-flow wp-block-quote-is-layout-flow\"><p>\u201cCondeno este tipo de homicidios, tenemos conocimiento de que tanto el caso del puerto de Veracruz y en el de Xalapa ya hay presuntos responsables detenidos\u201d.<\/p><\/blockquote>\n\n\n\n<p>Agreg\u00f3 que esperar\u00e1 el avance en los procesos judiciales para opinar sobre los temas, pero pidi\u00f3 darle un voto de confianza a la Fiscal\u00eda que encabeza Ver\u00f3nica Hern\u00e1ndez Giadans.\u00a0<\/p>\n\n\n\n<blockquote class=\"wp-block-quote is-layout-flow wp-block-quote-is-layout-flow\"><p>\u201cVamos a esperar los procesos para poder opinar. Confiemos en la Fiscal\u00eda, en sus investigaciones y aqu\u00ed estar\u00e9 para darle seguimiento a estos casos\u201d.<\/p><\/blockquote>\n","protected":false},"excerpt":{"rendered":"<p>Sam Ojeda\u00a0| NV Noticias Xalapa.- El diputado local no binario, Gonzalo Iv\u00e1n Dur\u00e1n Chincoya, dijo que pedir\u00e1 integrar la comisi\u00f3n de Derechos Humanos en la 66 Legislatura instalada este viernes.\u00a0 Entrevistado previo a su rendici\u00f3n de protesta, dijo que al llegar al curul para representar a la comunidad LGBTTTIQ tiene la encomienda de trabajar en [&hellip;]<\/p>\n","protected":false},"author":7,"featured_media":29889,"comment_status":"open","ping_status":"open","sticky":false,"template":"","format":"standard","meta":{"_monsterinsights_skip_tracking":false,"_monsterinsights_sitenote_active":false,"_monsterinsights_sitenote_note":"","_monsterinsights_sitenote_category":0,"footnotes":""},"categories":[158],"tags":[570,1122,3761,6991],"class_list":["post-29886","post","type-post","status-publish","format-standard","has-post-thumbnail","hentry","category-politica","tag-congreso-del-estado-de-veracruz","tag-derechos-humanos","tag-gonzalo-ivan-duran-chincoya","tag-lxvi-legislatura","wp-image-borders"],"amp_enabled":true,"_links":{"self":[{"href":"https:\/\/nvnoticias.mx\/index.php\/wp-json\/wp\/v2\/posts\/29886","targetHints":{"allow":["GET"]}}],"collection":[{"href":"https:\/\/nvnoticias.mx\/index.php\/wp-json\/wp\/v2\/posts"}],"about":[{"href":"https:\/\/nvnoticias.mx\/index.php\/wp-json\/wp\/v2\/types\/post"}],"author":[{"embeddable":true,"href":"https:\/\/nvnoticias.mx\/index.php\/wp-json\/wp\/v2\/users\/7"}],"replies":[{"embeddable":true,"href":"https:\/\/nvnoticias.mx\/index.php\/wp-json\/wp\/v2\/comments?post=29886"}],"version-history":[{"count":1,"href":"https:\/\/nvnoticias.mx\/index.php\/wp-json\/wp\/v2\/posts\/29886\/revisions"}],"predecessor-version":[{"id":29890,"href":"https:\/\/nvnoticias.mx\/index.php\/wp-json\/wp\/v2\/posts\/29886\/revisions\/29890"}],"wp:featuredmedia":[{"embeddable":true,"href":"https:\/\/nvnoticias.mx\/index.php\/wp-json\/wp\/v2\/media\/29889"}],"wp:attachment":[{"href":"https:\/\/nvnoticias.mx\/index.php\/wp-json\/wp\/v2\/media?parent=29886"}],"wp:term":[{"taxonomy":"category","embeddable":true,"href":"https:\/\/nvnoticias.mx\/index.php\/wp-json\/wp\/v2\/categories?post=29886"},{"taxonomy":"post_tag","embeddable":true,"href":"https:\/\/nvnoticias.mx\/index.php\/wp-json\/wp\/v2\/tags?post=29886"}],"curies":[{"name":"wp","href":"https:\/\/api.w.org\/{rel}","templated":true}]}}