{"id":29876,"date":"2021-11-05T13:58:34","date_gmt":"2021-11-05T19:58:34","guid":{"rendered":"https:\/\/nvnoticias.mx\/?p=29876"},"modified":"2021-11-05T13:58:35","modified_gmt":"2021-11-05T19:58:35","slug":"con-el-cierre-de-las-juntas-de-conciliacion-se-resolveran-mas-asuntos-laborales","status":"publish","type":"post","link":"https:\/\/nvnoticias.mx\/index.php\/2021\/11\/05\/con-el-cierre-de-las-juntas-de-conciliacion-se-resolveran-mas-asuntos-laborales\/","title":{"rendered":"Con el cierre de las Juntas de Conciliaci\u00f3n se resolver\u00e1n m\u00e1s asuntos laborales"},"content":{"rendered":"\n<p>Jes\u00fas Utrilla | NV Noticias <\/p>\n\n\n\n<p>Veracruz, Ver.- Abogados laboralistas confiaron que con la entrada en funciones del Centro de Conciliaci\u00f3n Laboral se logre conciliar entre 80 y 90 por ciento de los asuntos en Veracruz.<br><\/p>\n\n\n\n<p>Josafat Cordero Rodr\u00edguez, presidente del Colegio de Abogados Laboralistas, explic\u00f3 que si alg\u00fan trabajador se siente afectado en sus intereses lo primero que debe hacer es acudir al Centro de Conciliaci\u00f3n Laboral. Sin embargo, hay locales y federales, en los primeros se van a atender los asuntos que no sean de competencia federal.<\/p>\n\n\n\n<blockquote class=\"wp-block-quote is-layout-flow wp-block-quote-is-layout-flow\"><p>\u201cTambi\u00e9n es importante saber que en lo federales se tratan asuntos contra la Comisi\u00f3n Federal, Seguro Social, bancos, entre otros\u201d.<\/p><\/blockquote>\n\n\n\n<p>Consider\u00f3 que no se le ha dado la difusi\u00f3n amplia a los cambios y sobre todo con un lenguaje accesible para que un trabajador tenga conocimiento de a que instancia debe recurrir. <\/p>\n\n\n\n<blockquote class=\"wp-block-quote is-layout-flow wp-block-quote-is-layout-flow\"><p>\u201cLa informaci\u00f3n mal encaminada lejos de ayudar perjudica\u201d.<\/p><\/blockquote>\n\n\n\n<p>Cabe recordar que desde el 3 de noviembre cerraron las oficial\u00edas de partes de las Juntas de Conciliaci\u00f3n y Arbitraje, por lo que dejar\u00e1n de recibir nuevos procedimientos individuales y colectivos, pues entraron en funci\u00f3n los Tribunales Federales y el Centro Federal de Conciliaci\u00f3n y Registro Laboral (CFCRL) en los estados de Veracruz, Aguascalientes, Guanajuato, Morelos, Oaxaca, Puebla, Baja California, Guerrero, Tlaxcala, Quer\u00e9taro, Colima, Quintana Roo y Baja California Sur.<\/p>\n","protected":false},"excerpt":{"rendered":"<p>Jes\u00fas Utrilla | NV Noticias Veracruz, Ver.- Abogados laboralistas confiaron que con la entrada en funciones del Centro de Conciliaci\u00f3n Laboral se logre conciliar entre 80 y 90 por ciento de los asuntos en Veracruz. Josafat Cordero Rodr\u00edguez, presidente del Colegio de Abogados Laboralistas, explic\u00f3 que si alg\u00fan trabajador se siente afectado en sus intereses [&hellip;]<\/p>\n","protected":false},"author":35,"featured_media":29877,"comment_status":"open","ping_status":"open","sticky":false,"template":"","format":"standard","meta":{"_monsterinsights_skip_tracking":false,"_monsterinsights_sitenote_active":false,"_monsterinsights_sitenote_note":"","_monsterinsights_sitenote_category":0,"footnotes":""},"categories":[154],"tags":[6994,6049],"class_list":["post-29876","post","type-post","status-publish","format-standard","has-post-thumbnail","hentry","category-veracruz","tag-asuntos-laborales","tag-conciliacion","wp-image-borders"],"amp_enabled":true,"_links":{"self":[{"href":"https:\/\/nvnoticias.mx\/index.php\/wp-json\/wp\/v2\/posts\/29876","targetHints":{"allow":["GET"]}}],"collection":[{"href":"https:\/\/nvnoticias.mx\/index.php\/wp-json\/wp\/v2\/posts"}],"about":[{"href":"https:\/\/nvnoticias.mx\/index.php\/wp-json\/wp\/v2\/types\/post"}],"author":[{"embeddable":true,"href":"https:\/\/nvnoticias.mx\/index.php\/wp-json\/wp\/v2\/users\/35"}],"replies":[{"embeddable":true,"href":"https:\/\/nvnoticias.mx\/index.php\/wp-json\/wp\/v2\/comments?post=29876"}],"version-history":[{"count":1,"href":"https:\/\/nvnoticias.mx\/index.php\/wp-json\/wp\/v2\/posts\/29876\/revisions"}],"predecessor-version":[{"id":29878,"href":"https:\/\/nvnoticias.mx\/index.php\/wp-json\/wp\/v2\/posts\/29876\/revisions\/29878"}],"wp:featuredmedia":[{"embeddable":true,"href":"https:\/\/nvnoticias.mx\/index.php\/wp-json\/wp\/v2\/media\/29877"}],"wp:attachment":[{"href":"https:\/\/nvnoticias.mx\/index.php\/wp-json\/wp\/v2\/media?parent=29876"}],"wp:term":[{"taxonomy":"category","embeddable":true,"href":"https:\/\/nvnoticias.mx\/index.php\/wp-json\/wp\/v2\/categories?post=29876"},{"taxonomy":"post_tag","embeddable":true,"href":"https:\/\/nvnoticias.mx\/index.php\/wp-json\/wp\/v2\/tags?post=29876"}],"curies":[{"name":"wp","href":"https:\/\/api.w.org\/{rel}","templated":true}]}}