{"id":29867,"date":"2021-11-05T13:37:06","date_gmt":"2021-11-05T19:37:06","guid":{"rendered":"https:\/\/nvnoticias.mx\/?p=29867"},"modified":"2021-11-05T13:37:44","modified_gmt":"2021-11-05T19:37:44","slug":"instalan-nueva-legislatura-local-sesion-solemne-austera","status":"publish","type":"post","link":"https:\/\/nvnoticias.mx\/index.php\/2021\/11\/05\/instalan-nueva-legislatura-local-sesion-solemne-austera\/","title":{"rendered":"Instalan nueva Legislatura local; sesi\u00f3n solemne, &#8220;austera&#8221;"},"content":{"rendered":"\n<p><strong>Sam Ojeda&nbsp;| NV Noticias<\/strong><\/p>\n\n\n\n<p>Xalapa.- Este viernes rindieron protesta de ley los 50 diputados que conforman la 66 Legislatura local, que estar\u00e1 en funciones hasta el 2024.&nbsp;<\/p>\n\n\n\n<p>A diferencia de lo que ocurr\u00eda en a\u00f1os anteriores, en esta ocasi\u00f3n los diputados no llegaron en medio de batucadas, acarreos, o festejos, pues \u00fanicamente fueron acompa\u00f1ados por algunos familiares o personal cercano.&nbsp;<\/p>\n\n\n\n<p>Fue cerca de las 11:50 de la ma\u00f1ana cuando se instal\u00f3 la sesi\u00f3n solemne que aun fue presidida por Adriana Linares Capitanachi, pero \u00fanicamente a fin de elegir a la nueva mesa directiva y darle posesi\u00f3n.&nbsp;<\/p>\n\n\n\n<p>Hay que recordar que la nueva Legislatura est\u00e1 conformada por 30 diputados de Morena, 9 de Acci\u00f3n Nacional; 3 del Revolucionario Institucional; 2 del Partido de la Revoluci\u00f3n Democr\u00e1tica; 2 del Verde; 2 del Movimiento Ciudadano.<\/p>\n\n\n\n<p>Adem\u00e1s, un diputado de Fuerza por M\u00e9xico y uno del Partido del Trabajo.&nbsp;<\/p>\n\n\n\n<p>La Mesa Directiva de la 66 Legislatura la encabezar\u00e1n Cecilia Josefina Guevara Guembe, del Distrito de Poza Rica en la Presidencia; Hugo Gonz\u00e1lez Saavedra como Vicepresidente y Arianna \u00c1ngeles Aguirre como Secretaria.<\/p>\n\n\n\n<p>A la sesi\u00f3n solemne no acudi\u00f3 el gobernador Cuitl\u00e1huac Garc\u00eda Jim\u00e9nez, sino el secretario de Gobierno, Eric Cisneros Burgos, aunque el Gobernador indic\u00f3 que recibir\u00e1 una comisi\u00f3n de los nuevos diputados en Palacio de Gobierno.<\/p>\n","protected":false},"excerpt":{"rendered":"<p>Sam Ojeda&nbsp;| NV Noticias Xalapa.- Este viernes rindieron protesta de ley los 50 diputados que conforman la 66 Legislatura local, que estar\u00e1 en funciones hasta el 2024.&nbsp; A diferencia de lo que ocurr\u00eda en a\u00f1os anteriores, en esta ocasi\u00f3n los diputados no llegaron en medio de batucadas, acarreos, o festejos, pues \u00fanicamente fueron acompa\u00f1ados por [&hellip;]<\/p>\n","protected":false},"author":7,"featured_media":29868,"comment_status":"open","ping_status":"open","sticky":false,"template":"","format":"standard","meta":{"_monsterinsights_skip_tracking":false,"_monsterinsights_sitenote_active":false,"_monsterinsights_sitenote_note":"","_monsterinsights_sitenote_category":0,"footnotes":""},"categories":[158],"tags":[570,4526,6991,162,180],"class_list":["post-29867","post","type-post","status-publish","format-standard","has-post-thumbnail","hentry","category-politica","tag-congreso-del-estado-de-veracruz","tag-legislatura","tag-lxvi-legislatura","tag-portada","tag-veracruz","wp-image-borders"],"amp_enabled":true,"_links":{"self":[{"href":"https:\/\/nvnoticias.mx\/index.php\/wp-json\/wp\/v2\/posts\/29867","targetHints":{"allow":["GET"]}}],"collection":[{"href":"https:\/\/nvnoticias.mx\/index.php\/wp-json\/wp\/v2\/posts"}],"about":[{"href":"https:\/\/nvnoticias.mx\/index.php\/wp-json\/wp\/v2\/types\/post"}],"author":[{"embeddable":true,"href":"https:\/\/nvnoticias.mx\/index.php\/wp-json\/wp\/v2\/users\/7"}],"replies":[{"embeddable":true,"href":"https:\/\/nvnoticias.mx\/index.php\/wp-json\/wp\/v2\/comments?post=29867"}],"version-history":[{"count":2,"href":"https:\/\/nvnoticias.mx\/index.php\/wp-json\/wp\/v2\/posts\/29867\/revisions"}],"predecessor-version":[{"id":29870,"href":"https:\/\/nvnoticias.mx\/index.php\/wp-json\/wp\/v2\/posts\/29867\/revisions\/29870"}],"wp:featuredmedia":[{"embeddable":true,"href":"https:\/\/nvnoticias.mx\/index.php\/wp-json\/wp\/v2\/media\/29868"}],"wp:attachment":[{"href":"https:\/\/nvnoticias.mx\/index.php\/wp-json\/wp\/v2\/media?parent=29867"}],"wp:term":[{"taxonomy":"category","embeddable":true,"href":"https:\/\/nvnoticias.mx\/index.php\/wp-json\/wp\/v2\/categories?post=29867"},{"taxonomy":"post_tag","embeddable":true,"href":"https:\/\/nvnoticias.mx\/index.php\/wp-json\/wp\/v2\/tags?post=29867"}],"curies":[{"name":"wp","href":"https:\/\/api.w.org\/{rel}","templated":true}]}}