{"id":29851,"date":"2021-11-05T12:55:58","date_gmt":"2021-11-05T18:55:58","guid":{"rendered":"https:\/\/nvnoticias.mx\/?p=29851"},"modified":"2021-11-05T12:56:00","modified_gmt":"2021-11-05T18:56:00","slug":"frenan-orden-de-aprehension-por-fraude-contra-carlos-cabal-peniche","status":"publish","type":"post","link":"https:\/\/nvnoticias.mx\/index.php\/2021\/11\/05\/frenan-orden-de-aprehension-por-fraude-contra-carlos-cabal-peniche\/","title":{"rendered":"Frenan orden de aprehensi\u00f3n por fraude contra Carlos Cabal Peniche"},"content":{"rendered":"\n<p>Un juez federal fren\u00f3 por tiempo indefinido la ejecuci\u00f3n de la orden de captura contra\u00a0<strong>Carlos Cabal Peniche<\/strong>, accionista mayoritario de<strong>\u00a0Interjet<\/strong>, en el caso de fraude gen\u00e9rico derivado del pr\u00e9stamo que obtuvo para la compra de\u00a0<strong>Radi\u00f3polis<\/strong>.<\/p>\n\n\n\n<p>El Juez Tercero de Distrito de Amparo en materia Penal en la&nbsp;<strong>Ciudad de M\u00e9xico<\/strong>,&nbsp;<strong>Augusto Octavio Mej\u00eda Ojeda<\/strong>&nbsp;concedi\u00f3 una suspensi\u00f3n definitiva contra el mandamiento de captura para lo cual, Cabal Peniche deber\u00e1 exhibir una garant\u00eda por 50 mil pesos.<\/p>\n\n\n\n<p>El caso de fraude por incumplir el pago de un cr\u00e9dito para comprar Radi\u00f3polis est\u00e1 en manos de la<strong>\u00a0Fiscal\u00eda General de Justicia de la Ciudad de M\u00e9xico<\/strong>.<\/p>\n\n\n\n<p>Derivado de esto, el presidente de administraci\u00f3n de Interjet,<strong>&nbsp;Alejandro del Valle<\/strong>&nbsp;fue detenido el pasado nueve de septiembre y est\u00e1 sujeto a prisi\u00f3n preventiva justificada por riesgo de fuga.<\/p>\n\n\n\n<p>Ambos empresarios son accionistas mayoritarios de Interjet y socios de\u00a0<strong>Miguel Alem\u00e1n Magnani,<\/strong>\u00a0vicepresidente de la aerol\u00ednea quien tambi\u00e9n tiene pendiente una orden de aprehensi\u00f3n por defraudaci\u00f3n fiscal por 66 millones de pesos.<\/p>\n\n\n\n<p>Fuente: El universal<\/p>\n","protected":false},"excerpt":{"rendered":"<p>Un juez federal fren\u00f3 por tiempo indefinido la ejecuci\u00f3n de la orden de captura contra\u00a0Carlos Cabal Peniche, accionista mayoritario de\u00a0Interjet, en el caso de fraude gen\u00e9rico derivado del pr\u00e9stamo que obtuvo para la compra de\u00a0Radi\u00f3polis. El Juez Tercero de Distrito de Amparo en materia Penal en la&nbsp;Ciudad de M\u00e9xico,&nbsp;Augusto Octavio Mej\u00eda Ojeda&nbsp;concedi\u00f3 una suspensi\u00f3n definitiva [&hellip;]<\/p>\n","protected":false},"author":35,"featured_media":29852,"comment_status":"open","ping_status":"open","sticky":false,"template":"","format":"standard","meta":{"_monsterinsights_skip_tracking":false,"_monsterinsights_sitenote_active":false,"_monsterinsights_sitenote_note":"","_monsterinsights_sitenote_category":0,"footnotes":""},"categories":[158],"tags":[6987,6028,162],"class_list":["post-29851","post","type-post","status-publish","format-standard","has-post-thumbnail","hentry","category-politica","tag-carlos-cabal-peniche","tag-interjet","tag-portada","wp-image-borders"],"amp_enabled":true,"_links":{"self":[{"href":"https:\/\/nvnoticias.mx\/index.php\/wp-json\/wp\/v2\/posts\/29851","targetHints":{"allow":["GET"]}}],"collection":[{"href":"https:\/\/nvnoticias.mx\/index.php\/wp-json\/wp\/v2\/posts"}],"about":[{"href":"https:\/\/nvnoticias.mx\/index.php\/wp-json\/wp\/v2\/types\/post"}],"author":[{"embeddable":true,"href":"https:\/\/nvnoticias.mx\/index.php\/wp-json\/wp\/v2\/users\/35"}],"replies":[{"embeddable":true,"href":"https:\/\/nvnoticias.mx\/index.php\/wp-json\/wp\/v2\/comments?post=29851"}],"version-history":[{"count":1,"href":"https:\/\/nvnoticias.mx\/index.php\/wp-json\/wp\/v2\/posts\/29851\/revisions"}],"predecessor-version":[{"id":29853,"href":"https:\/\/nvnoticias.mx\/index.php\/wp-json\/wp\/v2\/posts\/29851\/revisions\/29853"}],"wp:featuredmedia":[{"embeddable":true,"href":"https:\/\/nvnoticias.mx\/index.php\/wp-json\/wp\/v2\/media\/29852"}],"wp:attachment":[{"href":"https:\/\/nvnoticias.mx\/index.php\/wp-json\/wp\/v2\/media?parent=29851"}],"wp:term":[{"taxonomy":"category","embeddable":true,"href":"https:\/\/nvnoticias.mx\/index.php\/wp-json\/wp\/v2\/categories?post=29851"},{"taxonomy":"post_tag","embeddable":true,"href":"https:\/\/nvnoticias.mx\/index.php\/wp-json\/wp\/v2\/tags?post=29851"}],"curies":[{"name":"wp","href":"https:\/\/api.w.org\/{rel}","templated":true}]}}