{"id":29828,"date":"2021-11-05T10:55:51","date_gmt":"2021-11-05T16:55:51","guid":{"rendered":"https:\/\/nvnoticias.mx\/?p=29828"},"modified":"2021-11-05T10:55:51","modified_gmt":"2021-11-05T16:55:51","slug":"califican-senadores-como-prudente-aplazar-la-discusion-de-la-reforma-electrica","status":"publish","type":"post","link":"https:\/\/nvnoticias.mx\/index.php\/2021\/11\/05\/califican-senadores-como-prudente-aplazar-la-discusion-de-la-reforma-electrica\/","title":{"rendered":"Califican senadores como prudente aplazar la discusi\u00f3n de la Reforma El\u00e9ctrica"},"content":{"rendered":"\n<p>Como \u201cprudente, sensata y correcta\u201d fue calificada por senadores de todos los partidos la decisi\u00f3n de la C\u00e1mara de Diputados de aplazar la discusi\u00f3n y, en su caso, la aprobaci\u00f3n de la reforma el\u00e9ctrica hasta abril de 2022. <\/p>\n\n\n\n<p>Ricardo Monreal, coordinador de Morena en el Senado, celebr\u00f3 la decisi\u00f3n, la cual calific\u00f3 de prudente, sensata y correcta y rechaz\u00f3 que la posposici\u00f3n de esta discusi\u00f3n est\u00e9 relacionada directamente con presiones de un gobierno extranjero, en particular\u00a0el de Estados Unidos.<\/p>\n\n\n\n<p> En este sentido expres\u00f3: \u201cYo no creo que el Presidente acepte presiones de ning\u00fan gobierno extranjero\u201d. En entrevista, se\u00f1al\u00f3 que la decisi\u00f3n de la C\u00e1mara de Diputados es un reflejo de que \u00e9sta es y ser\u00e1 \u201cla reina de las discusiones\u201d. <\/p>\n\n\n\n<blockquote class=\"wp-block-quote is-layout-flow wp-block-quote-is-layout-flow\"><p>\u201cNosotros saludamos con respeto la decisi\u00f3n de los grupos parlamentarios mayoritarios en la C\u00e1mara de Diputados de aplazar la discusi\u00f3n y, en su caso, la aprobaci\u00f3n de la reforma el\u00e9ctrica. Me parece una actitud prudente, una actitud sensata y una actitud correcta el de abrir la discusi\u00f3n, escuchar a los inversionistas, escuchar a los empresarios y escuchar todas las voces, esa es nuestra obligaci\u00f3n\u201d, destac\u00f3. <\/p><\/blockquote>\n\n\n\n<p>Resalt\u00f3 que, con el aplazamiento de esta discusi\u00f3n para abril, hace pensar que puede modificarse la iniciativa original, porque de lo contrario para qu\u00e9 escuchar a los actores involucrados o entrar a un proceso de discusi\u00f3n con todos. si no hay la intenci\u00f3n de cambiar nada. <\/p>\n\n\n\n<blockquote class=\"wp-block-quote is-layout-flow wp-block-quote-is-layout-flow\"><p>\u201cSi se aplaz\u00f3 a abril, me alegra. En lo personal creo que tenemos que actuar con cautela, con prudencia y que hay que escuchar a todos\u2026 Yo soy de los que piensa que enriquecer, mejorar, fortalecer una iniciativa es lo correcto\u2026 Yo creo que los cambios no tienen que ver con la rector\u00eda, la recuperaci\u00f3n de la rector\u00eda del Estado en materia energ\u00e9tica\u201d, agreg\u00f3. <\/p><\/blockquote>\n\n\n\n<p>Por otra parte, el senador del PRI Jorge Carlos Ram\u00edrez Mar\u00edn refiri\u00f3: \u201cMe parece que es una buena noticia, da oportunidad de escuchar a m\u00e1s personas, va a dar oportunidad de trabajar m\u00e1s el dictamen, si es que existe este esp\u00edritu de llevar hasta las \u00faltimas consecuencias esta reforma\u201d. <\/p>\n\n\n\n<p>Confi\u00f3 en que exista el \u00e1nimo de escuchar las muchas propuestas que hay para modificar la iniciativa \u201cque se present\u00f3 para evitar los grandes errores que se pod\u00edan cometer, creo que es muy sensato haberla pospuesto por la raz\u00f3n que fuera. Espero que sean razones de peso, que tengan que ver m\u00e1s con el inter\u00e9s nacional y este \u00e1nimo de construir, que cualquier tipo de presi\u00f3n\u201d.<\/p>\n\n\n\n<p> A pregunta expresa de si hubo alg\u00fan \u201cjal\u00f3n\u201d de orejas\u00a0por parte de la embajada de Estados Unidos, respondi\u00f3: \u201cYo lo dudo, francamente no creo que le hubieran hecho tanto caso como para posponer la discusi\u00f3n de la reforma, creo que m\u00e1s bien se trata de una medida de tanteo pol\u00edtico;\u00a0viendo los tiempos y c\u00f3mo acomodarlos, pero hay que aprovechar que hay m\u00e1s tiempo y que no sea un producto que ponga en riesgo a M\u00e9xico y, sobre todo, la oportunidad de salvar al medio ambiente\u201d. <\/p>\n\n\n\n<p>En tanto, Nancy de la Sierra, del grupo plural, consider\u00f3 que se debe escuchar a expertos, empresarios y as\u00ed los legisladores puedan tomar sus decisiones de manera clara.\u00a0 <\/p>\n\n\n\n<p>Fuente: Milenio<\/p>\n","protected":false},"excerpt":{"rendered":"<p>Como \u201cprudente, sensata y correcta\u201d fue calificada por senadores de todos los partidos la decisi\u00f3n de la C\u00e1mara de Diputados de aplazar la discusi\u00f3n y, en su caso, la aprobaci\u00f3n de la reforma el\u00e9ctrica hasta abril de 2022. Ricardo Monreal, coordinador de Morena en el Senado, celebr\u00f3 la decisi\u00f3n, la cual calific\u00f3 de prudente, sensata [&hellip;]<\/p>\n","protected":false},"author":35,"featured_media":23264,"comment_status":"open","ping_status":"open","sticky":false,"template":"","format":"standard","meta":{"_monsterinsights_skip_tracking":false,"_monsterinsights_sitenote_active":false,"_monsterinsights_sitenote_note":"","_monsterinsights_sitenote_category":0,"footnotes":""},"categories":[158],"tags":[1553],"class_list":["post-29828","post","type-post","status-publish","format-standard","has-post-thumbnail","hentry","category-politica","tag-reforma-electrica","wp-image-borders"],"amp_enabled":true,"_links":{"self":[{"href":"https:\/\/nvnoticias.mx\/index.php\/wp-json\/wp\/v2\/posts\/29828","targetHints":{"allow":["GET"]}}],"collection":[{"href":"https:\/\/nvnoticias.mx\/index.php\/wp-json\/wp\/v2\/posts"}],"about":[{"href":"https:\/\/nvnoticias.mx\/index.php\/wp-json\/wp\/v2\/types\/post"}],"author":[{"embeddable":true,"href":"https:\/\/nvnoticias.mx\/index.php\/wp-json\/wp\/v2\/users\/35"}],"replies":[{"embeddable":true,"href":"https:\/\/nvnoticias.mx\/index.php\/wp-json\/wp\/v2\/comments?post=29828"}],"version-history":[{"count":1,"href":"https:\/\/nvnoticias.mx\/index.php\/wp-json\/wp\/v2\/posts\/29828\/revisions"}],"predecessor-version":[{"id":29829,"href":"https:\/\/nvnoticias.mx\/index.php\/wp-json\/wp\/v2\/posts\/29828\/revisions\/29829"}],"wp:featuredmedia":[{"embeddable":true,"href":"https:\/\/nvnoticias.mx\/index.php\/wp-json\/wp\/v2\/media\/23264"}],"wp:attachment":[{"href":"https:\/\/nvnoticias.mx\/index.php\/wp-json\/wp\/v2\/media?parent=29828"}],"wp:term":[{"taxonomy":"category","embeddable":true,"href":"https:\/\/nvnoticias.mx\/index.php\/wp-json\/wp\/v2\/categories?post=29828"},{"taxonomy":"post_tag","embeddable":true,"href":"https:\/\/nvnoticias.mx\/index.php\/wp-json\/wp\/v2\/tags?post=29828"}],"curies":[{"name":"wp","href":"https:\/\/api.w.org\/{rel}","templated":true}]}}