{"id":29822,"date":"2021-11-05T10:07:08","date_gmt":"2021-11-05T16:07:08","guid":{"rendered":"https:\/\/nvnoticias.mx\/?p=29822"},"modified":"2021-11-05T10:07:08","modified_gmt":"2021-11-05T16:07:08","slug":"comparecera-lorenzo-cordova-ante-camara-de-diputados-por-revocacion-de-mandato","status":"publish","type":"post","link":"https:\/\/nvnoticias.mx\/index.php\/2021\/11\/05\/comparecera-lorenzo-cordova-ante-camara-de-diputados-por-revocacion-de-mandato\/","title":{"rendered":"Comparecer\u00e1 Lorenzo C\u00f3rdova ante C\u00e1mara de diputados por revocaci\u00f3n de mandato"},"content":{"rendered":"\n<p>Lorenzo C\u00f3rdova se convertir\u00e1 hoy en el primer presidente del INE\u00a0que comparece ante la C\u00e1mara de Diputados para explicar los gastos que, de acuerdo al \u00f3rgano electoral, el pr\u00f3ximo a\u00f1o ascender\u00e1n a m\u00e1s de 24 mil mdp por la realizaci\u00f3n de la revocaci\u00f3n de mandato del presidente Andr\u00e9s Manuel L\u00f3pez Obrador. <\/p>\n\n\n\n<p>Se trata de la primera comparecencia de un presidente consejero del INE, pues solo se tiene como antecedente la participaci\u00f3n de Luis Carlos Ugalde en 2005 para explicar el voto de las y los mexicanos en el extranjero. <\/p>\n\n\n\n<p>En esta ocasi\u00f3n, Morena pidi\u00f3 que C\u00f3rdova acudiera a explicar por qu\u00e9 requiere m\u00e1s de 24 mil mdp para el pr\u00f3ximo a\u00f1o. Adem\u00e1s, se le notific\u00f3 de un cambio en el formato que pasaba de una ronda de preguntas por parte de los grupos parlamentarios a dos rondas y una r\u00e9plica adicional de legisladores. <\/p>\n\n\n\n<p>MILENIO\u00a0confirm\u00f3 que con el nuevo formato\u00a0se estima que C\u00f3rdova hablar\u00e1 por 85 minutos y los grupos parlamentarios hasta por 154 minutos. Por lo que la comparecencia puede rebasar las tres horas y media. <\/p>\n\n\n\n<p>La sesi\u00f3n est\u00e1 convocada a las 10 de la ma\u00f1ana. C\u00f3rdova rendir\u00e1 protesta de decir verdad y se prev\u00e9 que comience su comparecencia a las 11 horas\u00a0con un mensaje hasta por 15 minutos en el que expondr\u00e1 c\u00f3mo se conforma el presupuesto\u00a0y justificar\u00e1 los montos. <\/p>\n\n\n\n<p>El presupuesto suma 24 mil 649 millones 593 mil 972 pesos, de los que 5 mil 821 millones son para el financiamiento de\u00a0partidos pol\u00edticos y los 18 mil 827 mdp\u00a0restantes para\u00a0financiamiento del INE.\u00a0<\/p>\n\n\n\n<p>Entre los que destacan la solicitud de 3 mil 830 millones 448 mil 91 pesos para la revocaci\u00f3n de mandato y mil 913 millones 125 mil 708 pesos para una posible consulta popular adicional.\u00a0Los 13 mil 84 millones restantes son para el presupuesto operativo del instituto. Tras el mensaje\u00a0habr\u00e1 una ronda de posicionamientos de hasta por 10 minutos de cada grupo parlamentario y despu\u00e9s iniciar\u00e1n las dos rondas de preguntas. <\/p>\n\n\n\n<p>Esta secci\u00f3n se realizar\u00e1 con una pregunta del grupo parlamentario hasta por tres minutos, respuesta de C\u00f3rdova por cinco minutos, y r\u00e9plica del grupo parlamentario hasta por tres minutos. Al final el diputado de Morena\u00a0Sergio Guti\u00e9rrez Luna, podr\u00e1 emitir un mensaje institucional como presidente de la C\u00e1mara, quien adem\u00e1s\u00a0es uno de los principales cr\u00edticos de C\u00f3rdova y el Consejo General del INE. <\/p>\n\n\n\n<p>MILENIO\u00a0confirm\u00f3 que C\u00f3rdova extendi\u00f3 la invitaci\u00f3n a todo el Consejo General, pues la comparecencia es por el presupuesto del INE y no por la labor personal del consejero presidente. <\/p>\n\n\n\n<p>Entre los datos que C\u00f3rdova destacar\u00e1 est\u00e1n que el presupuesto que solicita el INE representa 0.18 por ciento del total del Presupuesto de Egresos de la Federaci\u00f3n, es decir, 18 centavos por cada 100 pesos. Adem\u00e1s, habr\u00e1 una comparaci\u00f3n global del presupuesto para el INE respecto a los a\u00f1os anteriores, sin contar las prerrogativas de los partidos. <\/p>\n\n\n\n<p>Fuente: Milenio<\/p>\n","protected":false},"excerpt":{"rendered":"<p>Lorenzo C\u00f3rdova se convertir\u00e1 hoy en el primer presidente del INE\u00a0que comparece ante la C\u00e1mara de Diputados para explicar los gastos que, de acuerdo al \u00f3rgano electoral, el pr\u00f3ximo a\u00f1o ascender\u00e1n a m\u00e1s de 24 mil mdp por la realizaci\u00f3n de la revocaci\u00f3n de mandato del presidente Andr\u00e9s Manuel L\u00f3pez Obrador. Se trata de la [&hellip;]<\/p>\n","protected":false},"author":35,"featured_media":19934,"comment_status":"open","ping_status":"open","sticky":false,"template":"","format":"standard","meta":{"_monsterinsights_skip_tracking":false,"_monsterinsights_sitenote_active":false,"_monsterinsights_sitenote_note":"","_monsterinsights_sitenote_category":0,"footnotes":""},"categories":[158],"tags":[1609,162,5354],"class_list":["post-29822","post","type-post","status-publish","format-standard","has-post-thumbnail","hentry","category-politica","tag-lorenzo-cordova","tag-portada","tag-revocacion-de-mandato","wp-image-borders"],"amp_enabled":true,"_links":{"self":[{"href":"https:\/\/nvnoticias.mx\/index.php\/wp-json\/wp\/v2\/posts\/29822","targetHints":{"allow":["GET"]}}],"collection":[{"href":"https:\/\/nvnoticias.mx\/index.php\/wp-json\/wp\/v2\/posts"}],"about":[{"href":"https:\/\/nvnoticias.mx\/index.php\/wp-json\/wp\/v2\/types\/post"}],"author":[{"embeddable":true,"href":"https:\/\/nvnoticias.mx\/index.php\/wp-json\/wp\/v2\/users\/35"}],"replies":[{"embeddable":true,"href":"https:\/\/nvnoticias.mx\/index.php\/wp-json\/wp\/v2\/comments?post=29822"}],"version-history":[{"count":1,"href":"https:\/\/nvnoticias.mx\/index.php\/wp-json\/wp\/v2\/posts\/29822\/revisions"}],"predecessor-version":[{"id":29823,"href":"https:\/\/nvnoticias.mx\/index.php\/wp-json\/wp\/v2\/posts\/29822\/revisions\/29823"}],"wp:featuredmedia":[{"embeddable":true,"href":"https:\/\/nvnoticias.mx\/index.php\/wp-json\/wp\/v2\/media\/19934"}],"wp:attachment":[{"href":"https:\/\/nvnoticias.mx\/index.php\/wp-json\/wp\/v2\/media?parent=29822"}],"wp:term":[{"taxonomy":"category","embeddable":true,"href":"https:\/\/nvnoticias.mx\/index.php\/wp-json\/wp\/v2\/categories?post=29822"},{"taxonomy":"post_tag","embeddable":true,"href":"https:\/\/nvnoticias.mx\/index.php\/wp-json\/wp\/v2\/tags?post=29822"}],"curies":[{"name":"wp","href":"https:\/\/api.w.org\/{rel}","templated":true}]}}