{"id":29768,"date":"2021-11-04T13:26:52","date_gmt":"2021-11-04T19:26:52","guid":{"rendered":"https:\/\/nvnoticias.mx\/?p=29768"},"modified":"2021-11-04T14:12:39","modified_gmt":"2021-11-04T20:12:39","slug":"anuncian-medidas-sanitarias-para-ingresar-al-festival-pal-norte","status":"publish","type":"post","link":"https:\/\/nvnoticias.mx\/index.php\/2021\/11\/04\/anuncian-medidas-sanitarias-para-ingresar-al-festival-pal-norte\/","title":{"rendered":"Anuncian medidas sanitarias para ingresar al festival Pa&#8217;l Norte"},"content":{"rendered":"\n<p>Alma Rosa Marroqu\u00edn Escamilla, secretaria de Salud en Nuevo Le\u00f3n, anunci\u00f3 las medidas para poder ingresar al festival Pa\u2019l Norte, entre las que se incluye que para poder tener acceso se debe contar con esquema completo de vacunaci\u00f3n o con una prueba PCR negativa con menos de 72 horas de vigencia. <\/p>\n\n\n\n<p>A los que no cumplan con ese requisito no se les permitir\u00e1 la entrada, la cual no est\u00e1 autorizada tampoco a las mujeres embarazadas y personas menores de 15 a\u00f1os de edad. <\/p>\n\n\n\n<blockquote class=\"wp-block-quote is-layout-flow wp-block-quote-is-layout-flow\"><p>\u201cUna preocupaci\u00f3n de la sociedad y de la Secretar\u00eda de Salud es mantener los protocolos en los diferentes eventos y hemos hecho recomendaciones sanitarias para las personas que van a asistir al evento Pa\u2019l Norte.&#8221;<\/p><\/blockquote>\n\n\n\n<blockquote class=\"wp-block-quote is-layout-flow wp-block-quote-is-layout-flow\"><p>\u201cComo siempre el uso del cubrebocas, la toma de la temperatura y aplicaci\u00f3n del gel antibacterial, el mantener la sana distancia, el certificado de vacunaci\u00f3n, en caso de que ingresen menores de 15 a 17 a\u00f1os deben presentar adem\u00e1s de la identificaci\u00f3n con fotograf\u00eda una prueba PCR negativa para covid-19, y las personas que tengan esquema incompleto de la vacuna deber\u00e1n de presentar una prueba de ant\u00edgenos negativa.&#8221;<\/p><\/blockquote>\n\n\n\n<blockquote class=\"wp-block-quote is-layout-flow wp-block-quote-is-layout-flow\"><p>\u201cNo se permitir\u00e1 el acceso a mujeres embarazadas ni a menores de 15 a\u00f1os, el evento deber\u00e1 ser 100 por ciento libre de humo de tabaco\u201d.<\/p><\/blockquote>\n\n\n\n<p>Por parte de los organizadores del festival, dijo, se va a proporcionar una p\u00e1gina para el registro donde se crea el usuario, se toma una foto y se obtiene un Fast Pass. <\/p>\n\n\n\n<p>Dentro de los requisitos indispensables para ingresar al festival, desglos\u00f3, en el primer filtro es que la persona que va a ingresar cuente con un esquema completo de vacunaci\u00f3n, si solo tiene una dosis se deber\u00e1 realizar una prueba de ant\u00edgenos de menos de 72 horas. <\/p>\n\n\n\n<p>Y si no tiene ninguna dosis de vacuna contra covid la persona que intente ingresar se deber\u00e1 presentar con una prueba PCR negativa con una vigencia de menos de 72 horas. <\/p>\n\n\n\n<p>Posterior a ello se pasar\u00e1 al filtro 2 donde se har\u00e1 una revisi\u00f3n de temperatura, del uso del cubrebocas y se colocar\u00e1 una pulsera de \u201crevisi\u00f3n salud\u201d y escaneo del boleto. <\/p>\n\n\n\n<p>Por \u00faltimo, en el filtro 3 se aplicar\u00e1 el gel antibacterial y una revisi\u00f3n de seguridad. <\/p>\n\n\n\n<blockquote class=\"wp-block-quote is-layout-flow wp-block-quote-is-layout-flow\"><p>\u201cEstaremos muy vigilantes que se cumplan estos filtros, no solo antes del ingreso, sino tambi\u00e9n los protocolos sanitarios al interior del festival\u201d, puntualiz\u00f3.<\/p><\/blockquote>\n\n\n\n<p><strong>Datos <\/strong><\/p>\n\n\n\n<p>M\u00e1s de 2 mil 700 personas estar\u00e1n vigilando el evento (de la empresa y de la Secretar\u00eda de Salud de Nuevo Le\u00f3n)<br>12 ambulancias <br>750 personas de limpieza <br>50 carpas de aislamiento para las personas con riesgo covid <br>10 puestos m\u00e9dicos <br>150 param\u00e9dicos <br>300 personas que validar\u00e1n que se cumpla con los protocolos <br>350 personas integradas a un esquema de patrullas covid<\/p>\n\n\n\n<p>Fuente: Milenio<\/p>\n","protected":false},"excerpt":{"rendered":"<p>Alma Rosa Marroqu\u00edn Escamilla, secretaria de Salud en Nuevo Le\u00f3n, anunci\u00f3 las medidas para poder ingresar al festival Pa\u2019l Norte, entre las que se incluye que para poder tener acceso se debe contar con esquema completo de vacunaci\u00f3n o con una prueba PCR negativa con menos de 72 horas de vigencia. A los que no [&hellip;]<\/p>\n","protected":false},"author":7,"featured_media":17262,"comment_status":"open","ping_status":"open","sticky":false,"template":"","format":"standard","meta":{"_monsterinsights_skip_tracking":false,"_monsterinsights_sitenote_active":false,"_monsterinsights_sitenote_note":"","_monsterinsights_sitenote_category":0,"footnotes":""},"categories":[576],"tags":[175,3554,493,1095],"class_list":["post-29768","post","type-post","status-publish","format-standard","has-post-thumbnail","hentry","category-ocio","tag-covid-19","tag-festival","tag-medidas-sanitarias","tag-nuevo-leon","wp-image-borders"],"amp_enabled":true,"_links":{"self":[{"href":"https:\/\/nvnoticias.mx\/index.php\/wp-json\/wp\/v2\/posts\/29768","targetHints":{"allow":["GET"]}}],"collection":[{"href":"https:\/\/nvnoticias.mx\/index.php\/wp-json\/wp\/v2\/posts"}],"about":[{"href":"https:\/\/nvnoticias.mx\/index.php\/wp-json\/wp\/v2\/types\/post"}],"author":[{"embeddable":true,"href":"https:\/\/nvnoticias.mx\/index.php\/wp-json\/wp\/v2\/users\/7"}],"replies":[{"embeddable":true,"href":"https:\/\/nvnoticias.mx\/index.php\/wp-json\/wp\/v2\/comments?post=29768"}],"version-history":[{"count":2,"href":"https:\/\/nvnoticias.mx\/index.php\/wp-json\/wp\/v2\/posts\/29768\/revisions"}],"predecessor-version":[{"id":29785,"href":"https:\/\/nvnoticias.mx\/index.php\/wp-json\/wp\/v2\/posts\/29768\/revisions\/29785"}],"wp:featuredmedia":[{"embeddable":true,"href":"https:\/\/nvnoticias.mx\/index.php\/wp-json\/wp\/v2\/media\/17262"}],"wp:attachment":[{"href":"https:\/\/nvnoticias.mx\/index.php\/wp-json\/wp\/v2\/media?parent=29768"}],"wp:term":[{"taxonomy":"category","embeddable":true,"href":"https:\/\/nvnoticias.mx\/index.php\/wp-json\/wp\/v2\/categories?post=29768"},{"taxonomy":"post_tag","embeddable":true,"href":"https:\/\/nvnoticias.mx\/index.php\/wp-json\/wp\/v2\/tags?post=29768"}],"curies":[{"name":"wp","href":"https:\/\/api.w.org\/{rel}","templated":true}]}}