{"id":29697,"date":"2021-11-03T18:32:00","date_gmt":"2021-11-04T00:32:00","guid":{"rendered":"https:\/\/nvnoticias.mx\/?p=29697"},"modified":"2021-11-03T23:50:12","modified_gmt":"2021-11-04T05:50:12","slug":"asegura-lopez-gatell-que-mexico-debe-prepararse-para-mas-olas-de-covid-19","status":"publish","type":"post","link":"https:\/\/nvnoticias.mx\/index.php\/2021\/11\/03\/asegura-lopez-gatell-que-mexico-debe-prepararse-para-mas-olas-de-covid-19\/","title":{"rendered":"Asegura L\u00f3pez-Gatell que M\u00e9xico debe prepararse para m\u00e1s olas de covid-19"},"content":{"rendered":"\n<p>En M\u00e9xico no se descarta una \u201creemergencia epidemiol\u00f3gica\u201d, es decir, una cuarta, quinta, sexta o hasta s\u00e9ptima ola de coronavirus, como ha sucedido en otros pa\u00edses, a pesar de que en este momento se han registrado 14 semanas de disminuci\u00f3n de casos de contagios por covid-19, reconoci\u00f3 Hugo L\u00f3pez-Gatell Ram\u00edrez, subsecretario de Prevenci\u00f3n y Promoci\u00f3n de la Salud. <\/p>\n\n\n\n<blockquote class=\"wp-block-quote is-layout-flow wp-block-quote-is-layout-flow\"><p>\u201cEn la medida de que en cualquier parte del mundo est\u00e9 activa la epidemia de covid-19, cualquier pa\u00eds puede tenerlo. En todo momento hay que tener la mente clara, puede haber no s\u00f3lo cuartas, sino quintas, sextas y s\u00e9ptimas olas. Estados Unidos ya va por la s\u00e9ptima, por el momento va en descenso, pero nada quita que podr\u00eda activarse\u201d, dijo.<\/p><\/blockquote>\n\n\n\n<p>Adem\u00e1s, el funcionario no descart\u00f3 que un rebrote pueda darse el pr\u00f3ximo invierno, dado que los virus respiratorios se transmiten a trav\u00e9s del aire, a trav\u00e9s de gotas de saliva que quedan suspendidas y, cuando las temperaturas son bajas, esos aerosoles permanecen m\u00e1s tiempo, por lo que la efectividad de transmisi\u00f3n es m\u00e1s prolongada; \u201centonces, te\u00f3ricamente, podr\u00eda ser que la temporada de fr\u00edo aumente la probabilidad de un repunte de los virus, de cualquiera de los virus respiratorios\u201d, detall\u00f3. Por ello, dijo, hay que mantenerse alertas. <\/p>\n\n\n\n<blockquote class=\"wp-block-quote is-layout-flow wp-block-quote-is-layout-flow\"><p>\u201cHemos destacado el j\u00fabilo que nos da el tener ya 14 semanas de reducci\u00f3n de covid-19 en la incidencia de casos, pero dejamos siempre en claro que mientras en el resto del mundo haya actividad de covid, en cualquier pa\u00eds del mundo, incluyendo M\u00e9xico, puede haber alguna reemergencia\u201d.<\/p><\/blockquote>\n\n\n\n<p>L\u00f3pez-Gatell Ram\u00edrez dijo que algunos pa\u00edses de la regi\u00f3n de sudamericana est\u00e1n teniendo repuntes, y puso como ejemplo a Chile, Paraguay y Argentina, por lo que \u201cpuede ocurrirnos, hay que estar expectantes en ese sentido\u201d, aclar\u00f3, despu\u00e9s del arranque de la campa\u00f1a de vacunaci\u00f3n contra la influenza estacional que durar\u00e1 hasta el 31 de marzo 2022. <\/p>\n\n\n\n<blockquote class=\"wp-block-quote is-layout-flow wp-block-quote-is-layout-flow\"><p>\u201cNo se puede saber exactamente en qu\u00e9 fecha. Todav\u00eda covid tiene una variabilidad muy grande en tiempo y en espacio, no tiene un patr\u00f3n patr\u00f3n predecible\u201d, aclar\u00f3.<\/p><\/blockquote>\n\n\n\n<p>El funcionario federal tambi\u00e9n aclar\u00f3 que haber logrado la meta de inmunizar, con al menos una dosis, a m\u00e1s de 80 millones de mexicanos no significa que se va a dejar de aplicar la vacuna contra el covid-19. <\/p>\n\n\n\n<blockquote class=\"wp-block-quote is-layout-flow wp-block-quote-is-layout-flow\"><p>\u201cUna cosa es meta y otra misi\u00f3n cumplida. Lo que sigue es completar las dosis, expandir la cobertura, especialmente en las entidades federativas donde hay mayor complejidad territorial, social, econ\u00f3mica, como Chiapas, Oaxaca y Guerrero.&#8221;<\/p><\/blockquote>\n\n\n\n<blockquote class=\"wp-block-quote is-layout-flow wp-block-quote-is-layout-flow\"><p>\u201cSigue continuar invitando a todas las personas a que se vacunen contra covid, en el caso que no lo hayan hecho; completar la vacunaci\u00f3n entre mujeres embarazadas y tambi\u00e9n incluir a los que vayan cumpliendo 18 a\u00f1os en la categor\u00eda de adultos para ser vacunados\u201d, a\u00f1adi\u00f3.<\/p><\/blockquote>\n\n\n\n<p>La vacunaci\u00f3n continuar\u00e1 con centros temporales, seg\u00fan adelant\u00f3, pero en breve se asignar\u00e1n lugares permanentes de aplicaci\u00f3n en las unidades de atenci\u00f3n m\u00e9dica de todo el sector salud. <\/p>\n\n\n\n<blockquote class=\"wp-block-quote is-layout-flow wp-block-quote-is-layout-flow\"><p>\u201cEn esos puestos se mantendr\u00e1 activa la vacunaci\u00f3n para que todo aquel que cumpla 18 a\u00f1os pueda vacunarse\u201d.<\/p><\/blockquote>\n\n\n\n<p>Fuente: Milenio<\/p>\n","protected":false},"excerpt":{"rendered":"<p>En M\u00e9xico no se descarta una \u201creemergencia epidemiol\u00f3gica\u201d, es decir, una cuarta, quinta, sexta o hasta s\u00e9ptima ola de coronavirus, como ha sucedido en otros pa\u00edses, a pesar de que en este momento se han registrado 14 semanas de disminuci\u00f3n de casos de contagios por covid-19, reconoci\u00f3 Hugo L\u00f3pez-Gatell Ram\u00edrez, subsecretario de Prevenci\u00f3n y Promoci\u00f3n [&hellip;]<\/p>\n","protected":false},"author":7,"featured_media":16752,"comment_status":"open","ping_status":"open","sticky":false,"template":"","format":"standard","meta":{"_monsterinsights_skip_tracking":false,"_monsterinsights_sitenote_active":false,"_monsterinsights_sitenote_note":"","_monsterinsights_sitenote_category":0,"footnotes":""},"categories":[157],"tags":[175,1010,292,5789,162],"class_list":["post-29697","post","type-post","status-publish","format-standard","has-post-thumbnail","hentry","category-nacional","tag-covid-19","tag-hugo-lopez-gatell","tag-mexico","tag-olas-covid","tag-portada","wp-image-borders"],"amp_enabled":true,"_links":{"self":[{"href":"https:\/\/nvnoticias.mx\/index.php\/wp-json\/wp\/v2\/posts\/29697","targetHints":{"allow":["GET"]}}],"collection":[{"href":"https:\/\/nvnoticias.mx\/index.php\/wp-json\/wp\/v2\/posts"}],"about":[{"href":"https:\/\/nvnoticias.mx\/index.php\/wp-json\/wp\/v2\/types\/post"}],"author":[{"embeddable":true,"href":"https:\/\/nvnoticias.mx\/index.php\/wp-json\/wp\/v2\/users\/7"}],"replies":[{"embeddable":true,"href":"https:\/\/nvnoticias.mx\/index.php\/wp-json\/wp\/v2\/comments?post=29697"}],"version-history":[{"count":1,"href":"https:\/\/nvnoticias.mx\/index.php\/wp-json\/wp\/v2\/posts\/29697\/revisions"}],"predecessor-version":[{"id":29702,"href":"https:\/\/nvnoticias.mx\/index.php\/wp-json\/wp\/v2\/posts\/29697\/revisions\/29702"}],"wp:featuredmedia":[{"embeddable":true,"href":"https:\/\/nvnoticias.mx\/index.php\/wp-json\/wp\/v2\/media\/16752"}],"wp:attachment":[{"href":"https:\/\/nvnoticias.mx\/index.php\/wp-json\/wp\/v2\/media?parent=29697"}],"wp:term":[{"taxonomy":"category","embeddable":true,"href":"https:\/\/nvnoticias.mx\/index.php\/wp-json\/wp\/v2\/categories?post=29697"},{"taxonomy":"post_tag","embeddable":true,"href":"https:\/\/nvnoticias.mx\/index.php\/wp-json\/wp\/v2\/tags?post=29697"}],"curies":[{"name":"wp","href":"https:\/\/api.w.org\/{rel}","templated":true}]}}