{"id":29656,"date":"2021-11-03T12:24:06","date_gmt":"2021-11-03T18:24:06","guid":{"rendered":"https:\/\/nvnoticias.mx\/?p=29656"},"modified":"2021-11-03T16:51:01","modified_gmt":"2021-11-03T22:51:01","slug":"autoriza-juez-a-lozoya-30-dias-para-reunir-pruebas-por-caso-odebrecht","status":"publish","type":"post","link":"https:\/\/nvnoticias.mx\/index.php\/2021\/11\/03\/autoriza-juez-a-lozoya-30-dias-para-reunir-pruebas-por-caso-odebrecht\/","title":{"rendered":"Autoriza juez a Lozoya 30 d\u00edas para reunir pruebas por caso Odebrecht"},"content":{"rendered":"\n<p>Con base en los derechos a la defensa y debido proceso, el juez de Control del Reclusorio Norte, Jos\u00e9 Z\u00fa\u00f1iga Mendoza, autoriz\u00f3 un mes m\u00e1s, que vence el 3 de diciembre de 2021, al exdirector de Petr\u00f3leos Mexicanos (Pemex),&nbsp;<strong>Emilio Lozoya Austin<\/strong>, para que re\u00fana pruebas sobre los presuntos sobornos que entreg\u00f3 la constructora brasile\u00f1a Odebrecht a varios pol\u00edticos en el sexenio pasado.<\/p>\n\n\n\n<p>Lo anterior, pese a que la&nbsp;<strong>Fiscal\u00eda General de la Rep\u00fablica<\/strong>&nbsp;(FGR) se opuso y solicit\u00f3 desde el inicio de la audiencia en desarrollo en el&nbsp;<strong>Reclusorio Norte<\/strong>&nbsp;que se declarara cerrada la etapa de investigaci\u00f3n complementaria para pasar al juicio oral.<\/p>\n\n\n\n<p>Al inicio de la audiencia, pasadas las 10:00 de la ma\u00f1ana, la defensa de Emilio Lozoya solicit\u00f3 al juez 60 d\u00edas m\u00e1s de pr\u00f3rroga para el cierre de investigaci\u00f3n complementaria en el&nbsp;caso Odebrecht.<\/p>\n\n\n\n<p>Asimismo, el juez Z\u00fa\u00f1iga Mendoza inst\u00f3 a la Fiscal\u00eda General de la Rep\u00fablica a que agote los medios para obtener ese dato de investigaci\u00f3n, seg\u00fan inform\u00f3 el Consejo de la Judicatura Federal sobre el desarrollo de la audiencia en la que est\u00e1 presente Lozoya Austin y su defensa.<\/p>\n\n\n\n<p>El CJF inform\u00f3 que en este momento se encuentran en la revisi\u00f3n de la medida cautelar a Lozoya Austin.<\/p>\n\n\n\n<p>Fuente: El universal<\/p>\n","protected":false},"excerpt":{"rendered":"<p>Con base en los derechos a la defensa y debido proceso, el juez de Control del Reclusorio Norte, Jos\u00e9 Z\u00fa\u00f1iga Mendoza, autoriz\u00f3 un mes m\u00e1s, que vence el 3 de diciembre de 2021, al exdirector de Petr\u00f3leos Mexicanos (Pemex),&nbsp;Emilio Lozoya Austin, para que re\u00fana pruebas sobre los presuntos sobornos que entreg\u00f3 la constructora brasile\u00f1a Odebrecht [&hellip;]<\/p>\n","protected":false},"author":35,"featured_media":595,"comment_status":"open","ping_status":"open","sticky":false,"template":"","format":"standard","meta":{"_monsterinsights_skip_tracking":false,"_monsterinsights_sitenote_active":false,"_monsterinsights_sitenote_note":"","_monsterinsights_sitenote_category":0,"footnotes":""},"categories":[158],"tags":[1259],"class_list":["post-29656","post","type-post","status-publish","format-standard","has-post-thumbnail","hentry","category-politica","tag-emilio-lozoya-austin","wp-image-borders"],"amp_enabled":true,"_links":{"self":[{"href":"https:\/\/nvnoticias.mx\/index.php\/wp-json\/wp\/v2\/posts\/29656","targetHints":{"allow":["GET"]}}],"collection":[{"href":"https:\/\/nvnoticias.mx\/index.php\/wp-json\/wp\/v2\/posts"}],"about":[{"href":"https:\/\/nvnoticias.mx\/index.php\/wp-json\/wp\/v2\/types\/post"}],"author":[{"embeddable":true,"href":"https:\/\/nvnoticias.mx\/index.php\/wp-json\/wp\/v2\/users\/35"}],"replies":[{"embeddable":true,"href":"https:\/\/nvnoticias.mx\/index.php\/wp-json\/wp\/v2\/comments?post=29656"}],"version-history":[{"count":2,"href":"https:\/\/nvnoticias.mx\/index.php\/wp-json\/wp\/v2\/posts\/29656\/revisions"}],"predecessor-version":[{"id":29687,"href":"https:\/\/nvnoticias.mx\/index.php\/wp-json\/wp\/v2\/posts\/29656\/revisions\/29687"}],"wp:featuredmedia":[{"embeddable":true,"href":"https:\/\/nvnoticias.mx\/index.php\/wp-json\/wp\/v2\/media\/595"}],"wp:attachment":[{"href":"https:\/\/nvnoticias.mx\/index.php\/wp-json\/wp\/v2\/media?parent=29656"}],"wp:term":[{"taxonomy":"category","embeddable":true,"href":"https:\/\/nvnoticias.mx\/index.php\/wp-json\/wp\/v2\/categories?post=29656"},{"taxonomy":"post_tag","embeddable":true,"href":"https:\/\/nvnoticias.mx\/index.php\/wp-json\/wp\/v2\/tags?post=29656"}],"curies":[{"name":"wp","href":"https:\/\/api.w.org\/{rel}","templated":true}]}}