{"id":29648,"date":"2021-11-03T12:09:32","date_gmt":"2021-11-03T18:09:32","guid":{"rendered":"https:\/\/nvnoticias.mx\/?p=29648"},"modified":"2021-11-03T12:09:33","modified_gmt":"2021-11-03T18:09:33","slug":"productores-de-cafe-llaman-a-incrementar-el-precio-por-kilogramo","status":"publish","type":"post","link":"https:\/\/nvnoticias.mx\/index.php\/2021\/11\/03\/productores-de-cafe-llaman-a-incrementar-el-precio-por-kilogramo\/","title":{"rendered":"Productores de caf\u00e9 llaman a incrementar el precio por kilogramo"},"content":{"rendered":"\n<p><strong>Sam Ojeda | NV Noticias<\/strong><\/p>\n\n\n\n<p>Xalapa. &#8211; Productores de caf\u00e9 de Veracruz se\u00f1alaron que actualmente el precio del caf\u00e9 cereza en Veracruz <strong>fluct\u00faa entre los 7.50 y 10.50 pesos por kilogramo<\/strong>, pero que esperan aumente.<\/p>\n\n\n\n<p>Integrantes del Consejo Regional del Caf\u00e9 de Coatepec se\u00f1alaron que en este inicio de cosecha es urgente que aumenten los precios para mejorar la rentabilidad de esta producci\u00f3n.<\/p>\n\n\n\n<blockquote class=\"wp-block-quote is-layout-flow wp-block-quote-is-layout-flow\"><p>\u201cLos cafetaleros han hecho un gran esfuerzo por mejorar la producci\u00f3n despu\u00e9s de las fuertes afectaciones por la plaga de roya y pese a los precios bajos en las \u00faltimas cuatro cosechas\u201d, se\u00f1alaron a trav\u00e9s de un desplegado.<\/p><\/blockquote>\n\n\n\n<p>Lo anterior ya que los grandes compradores pagan el arom\u00e1tico de 7.50 a 9.50 pesos el kilo de cereza en la regi\u00f3n de Coatepec, de 9.50 a 10.50 en la regi\u00f3n de Huatusco y de 6.00 a 8.00 en la regi\u00f3n de C\u00f3rdoba.<\/p>\n\n\n\n<blockquote class=\"wp-block-quote is-layout-flow wp-block-quote-is-layout-flow\"><p>\u201cHacemos un llamado a los grandes compradores de caf\u00e9 en Veracruz a que en los pr\u00f3ximos d\u00edas aumenten los precios pagados a los productores de caf\u00e9 y que correspondan con los niveles de precios a los que se vende el caf\u00e9 mexicano de exportaci\u00f3n\u201d.<\/p><\/blockquote>\n\n\n\n<p>Se\u00f1alan que si bien se han visto beneficiados con un aumento en los precios derivado de las afectaciones en la producci\u00f3n de Brasil por helada y sequ\u00eda y los ar\u00e1bigos lavados, es necesario que aumente m\u00e1s.<\/p>\n","protected":false},"excerpt":{"rendered":"<p>Sam Ojeda | NV Noticias Xalapa. &#8211; Productores de caf\u00e9 de Veracruz se\u00f1alaron que actualmente el precio del caf\u00e9 cereza en Veracruz fluct\u00faa entre los 7.50 y 10.50 pesos por kilogramo, pero que esperan aumente. Integrantes del Consejo Regional del Caf\u00e9 de Coatepec se\u00f1alaron que en este inicio de cosecha es urgente que aumenten los [&hellip;]<\/p>\n","protected":false},"author":6,"featured_media":25931,"comment_status":"open","ping_status":"open","sticky":false,"template":"","format":"standard","meta":{"_monsterinsights_skip_tracking":false,"_monsterinsights_sitenote_active":false,"_monsterinsights_sitenote_note":"","_monsterinsights_sitenote_category":0,"footnotes":""},"categories":[156],"tags":[6234,2516],"class_list":["post-29648","post","type-post","status-publish","format-standard","has-post-thumbnail","hentry","category-estado","tag-cafe","tag-productores","wp-image-borders"],"amp_enabled":true,"_links":{"self":[{"href":"https:\/\/nvnoticias.mx\/index.php\/wp-json\/wp\/v2\/posts\/29648","targetHints":{"allow":["GET"]}}],"collection":[{"href":"https:\/\/nvnoticias.mx\/index.php\/wp-json\/wp\/v2\/posts"}],"about":[{"href":"https:\/\/nvnoticias.mx\/index.php\/wp-json\/wp\/v2\/types\/post"}],"author":[{"embeddable":true,"href":"https:\/\/nvnoticias.mx\/index.php\/wp-json\/wp\/v2\/users\/6"}],"replies":[{"embeddable":true,"href":"https:\/\/nvnoticias.mx\/index.php\/wp-json\/wp\/v2\/comments?post=29648"}],"version-history":[{"count":1,"href":"https:\/\/nvnoticias.mx\/index.php\/wp-json\/wp\/v2\/posts\/29648\/revisions"}],"predecessor-version":[{"id":29649,"href":"https:\/\/nvnoticias.mx\/index.php\/wp-json\/wp\/v2\/posts\/29648\/revisions\/29649"}],"wp:featuredmedia":[{"embeddable":true,"href":"https:\/\/nvnoticias.mx\/index.php\/wp-json\/wp\/v2\/media\/25931"}],"wp:attachment":[{"href":"https:\/\/nvnoticias.mx\/index.php\/wp-json\/wp\/v2\/media?parent=29648"}],"wp:term":[{"taxonomy":"category","embeddable":true,"href":"https:\/\/nvnoticias.mx\/index.php\/wp-json\/wp\/v2\/categories?post=29648"},{"taxonomy":"post_tag","embeddable":true,"href":"https:\/\/nvnoticias.mx\/index.php\/wp-json\/wp\/v2\/tags?post=29648"}],"curies":[{"name":"wp","href":"https:\/\/api.w.org\/{rel}","templated":true}]}}