{"id":29493,"date":"2021-11-01T13:30:50","date_gmt":"2021-11-01T19:30:50","guid":{"rendered":"https:\/\/nvnoticias.mx\/?p=29493"},"modified":"2021-11-01T13:30:51","modified_gmt":"2021-11-01T19:30:51","slug":"recomiendan-evitar-asistir-a-los-cementerios","status":"publish","type":"post","link":"https:\/\/nvnoticias.mx\/index.php\/2021\/11\/01\/recomiendan-evitar-asistir-a-los-cementerios\/","title":{"rendered":"Recomiendan evitar asistir a los cementerios"},"content":{"rendered":"\n<p><strong>Jes\u00fas&nbsp;Utrilla&nbsp;| NV Noticias<\/strong>&nbsp;<\/p>\n\n\n\n<p>Veracruz. \u2013&nbsp;Aunque el 1 y 2 de noviembre son fechas aprovechadas por los veracruzanos para comer en los cementerios, llevar m\u00fasica, flores y convivir en los panteones, el regidor con la comisi\u00f3n de Salud, Juan De la Cruz S\u00e1nchez, recomend\u00f3 evitar acudir durante estos d\u00edas a los cementerios.&nbsp;<\/p>\n\n\n\n<p>Record\u00f3 que la pandemia a\u00fan no termina y aunque las restricciones se van flexibilizando los porte\u00f1os deben ser conscientes y responsables.&nbsp;<\/p>\n\n\n\n<p>Si se acude, por el coronavirus, la visita debe ser corta y tambi\u00e9n pidi\u00f3 no llevar ni\u00f1os ni a personas de la tercera edad.&nbsp;<\/p>\n\n\n\n<blockquote class=\"wp-block-quote is-layout-flow wp-block-quote-is-layout-flow\"><p>\u201cLa pandemia sigue su curso, los contagios se siguen dando. Los contagios disminuyeron con la\u00a0vacunaci\u00f3n\u00a0pero no quiere decir que la gente ya puede andar libremente, tenemos que seguir cuid\u00e1ndonos y no bajar la guardia. Por eso los panteones van a seguir a ese mismo ritmo\u201d.\u00a0<\/p><\/blockquote>\n\n\n\n<p>Admiti\u00f3 que la jornada de vacunaci\u00f3n&nbsp;anticocid&nbsp;contribuy\u00f3 a reducir el n\u00famero de enfermos en los hospitales, pero no significa que ya se pueda aglomerar la gente, como podr\u00eda ocurrir en los panteones.&nbsp;<\/p>\n\n\n\n<blockquote class=\"wp-block-quote is-layout-flow wp-block-quote-is-layout-flow\"><p>\u201cTodo esto es\u00a0tradici\u00f3n\u00a0pero si no se puede y estamos previniendo los problemas mayores lo mejor es venerar a los\u00a0muertos\u00a0pero en casa, en su domicilio y no asistir a los cementerios porque es un centro de contagio. Donde quiera que haya aglomeraciones habr\u00e1 incidencia de contagios y es lo que debemos evitar\u201d, concluy\u00f3.\u00a0<\/p><\/blockquote>\n","protected":false},"excerpt":{"rendered":"<p>Jes\u00fas&nbsp;Utrilla&nbsp;| NV Noticias&nbsp; Veracruz. \u2013&nbsp;Aunque el 1 y 2 de noviembre son fechas aprovechadas por los veracruzanos para comer en los cementerios, llevar m\u00fasica, flores y convivir en los panteones, el regidor con la comisi\u00f3n de Salud, Juan De la Cruz S\u00e1nchez, recomend\u00f3 evitar acudir durante estos d\u00edas a los cementerios.&nbsp; Record\u00f3 que la pandemia [&hellip;]<\/p>\n","protected":false},"author":6,"featured_media":21588,"comment_status":"open","ping_status":"open","sticky":false,"template":"","format":"standard","meta":{"_monsterinsights_skip_tracking":false,"_monsterinsights_sitenote_active":false,"_monsterinsights_sitenote_note":"","_monsterinsights_sitenote_category":0,"footnotes":""},"categories":[154],"tags":[3132],"class_list":["post-29493","post","type-post","status-publish","format-standard","has-post-thumbnail","hentry","category-veracruz","tag-cementerios","wp-image-borders"],"amp_enabled":true,"_links":{"self":[{"href":"https:\/\/nvnoticias.mx\/index.php\/wp-json\/wp\/v2\/posts\/29493","targetHints":{"allow":["GET"]}}],"collection":[{"href":"https:\/\/nvnoticias.mx\/index.php\/wp-json\/wp\/v2\/posts"}],"about":[{"href":"https:\/\/nvnoticias.mx\/index.php\/wp-json\/wp\/v2\/types\/post"}],"author":[{"embeddable":true,"href":"https:\/\/nvnoticias.mx\/index.php\/wp-json\/wp\/v2\/users\/6"}],"replies":[{"embeddable":true,"href":"https:\/\/nvnoticias.mx\/index.php\/wp-json\/wp\/v2\/comments?post=29493"}],"version-history":[{"count":1,"href":"https:\/\/nvnoticias.mx\/index.php\/wp-json\/wp\/v2\/posts\/29493\/revisions"}],"predecessor-version":[{"id":29494,"href":"https:\/\/nvnoticias.mx\/index.php\/wp-json\/wp\/v2\/posts\/29493\/revisions\/29494"}],"wp:featuredmedia":[{"embeddable":true,"href":"https:\/\/nvnoticias.mx\/index.php\/wp-json\/wp\/v2\/media\/21588"}],"wp:attachment":[{"href":"https:\/\/nvnoticias.mx\/index.php\/wp-json\/wp\/v2\/media?parent=29493"}],"wp:term":[{"taxonomy":"category","embeddable":true,"href":"https:\/\/nvnoticias.mx\/index.php\/wp-json\/wp\/v2\/categories?post=29493"},{"taxonomy":"post_tag","embeddable":true,"href":"https:\/\/nvnoticias.mx\/index.php\/wp-json\/wp\/v2\/tags?post=29493"}],"curies":[{"name":"wp","href":"https:\/\/api.w.org\/{rel}","templated":true}]}}