{"id":29455,"date":"2021-11-01T09:20:23","date_gmt":"2021-11-01T15:20:23","guid":{"rendered":"https:\/\/nvnoticias.mx\/?p=29455"},"modified":"2021-11-01T09:20:25","modified_gmt":"2021-11-01T15:20:25","slug":"nos-quiere-agachados-y-controlados-anaya","status":"publish","type":"post","link":"https:\/\/nvnoticias.mx\/index.php\/2021\/11\/01\/nos-quiere-agachados-y-controlados-anaya\/","title":{"rendered":"\u201cNos quiere agachados y controlados\u201d: Anaya"},"content":{"rendered":"\n<p>\u201cNos quiere agachados y controlados\u201d, as\u00ed fue como Ricardo Anaya Cort\u00e9s, ex candidato presidencial, volvi\u00f3 a arremeter al presidente, Andr\u00e9s Manuel L\u00f3pez Obrador (AMLO).<\/p>\n\n\n\n<p>En un video publicado en su cuenta de Twitter, el abanderado de Partido Acci\u00f3n Nacional (PAN) se\u00f1al\u00f3 que el hilo conductor de algunas de las controversias que ha sostenido el mandatario &#8211; y su Gobierno &#8211; es la supuesta ambici\u00f3n del tabasque\u00f1o por \u201ctener el control de todo\u201d.<\/p>\n\n\n\n<figure class=\"wp-block-embed is-type-rich is-provider-twitter wp-block-embed-twitter\"><div class=\"wp-block-embed__wrapper\">\n<blockquote class=\"twitter-tweet\" data-width=\"550\" data-dnt=\"true\"><p lang=\"es\" dir=\"ltr\">\u00bfQu\u00e9 tienen en com\u00fan la Reforma El\u00e9ctrica, los ataques a las OSC, el embate contra la UNAM y Lozoya comiendo pato? <br><br>Que AMLO quiere el CONTROL TOTAL. Nos quiere agachados y controlados. Los mexicanos somos fregones y somos m\u00e1s los que queremos un M\u00e9xico moderno, libre y ganador. <a href=\"https:\/\/t.co\/BztgCIN954\">pic.twitter.com\/BztgCIN954<\/a><\/p>&mdash; RicardoAnayaC (@RicardoAnayaC) <a href=\"https:\/\/twitter.com\/RicardoAnayaC\/status\/1455157688023851013?ref_src=twsrc%5Etfw\">November 1, 2021<\/a><\/blockquote><script async src=\"https:\/\/platform.twitter.com\/widgets.js\" charset=\"utf-8\"><\/script>\n<\/div><\/figure>\n\n\n\n<p>Las situaciones retomadas por el blanquiazul fueron: la Reforma El\u00e9ctrica, la salida de Emilio Lozoya al restaurante de lujo, el l\u00edmite de la deducci\u00f3n de donativos a las Organizaciones de la Sociedad Civil (OSC) y los ataques en contra de la Universidad Nacional Aut\u00f3noma de M\u00e9xico (UNAM).<\/p>\n\n\n\n<blockquote class=\"wp-block-quote is-layout-flow wp-block-quote-is-layout-flow\"><p>\u201c\u00bfYa te diste cuenta que tienen en com\u00fan? (\u2026) Muy f\u00e1cil. Todo esto tiene algo en com\u00fan: que a L\u00f3pez Obrador le molesta lo que no controla\u201d, plante\u00f3 el pol\u00edtico.<\/p><\/blockquote>\n\n\n\n<p>Desde el \u00e1ngulo de la\u00a0Reforma El\u00e9ctrica,\u00a0Anaya asegur\u00f3 que la iniciativa permitir\u00e1 a AMLO decidir \u201ca quien le da y a qui\u00e9n le quita la electricidad\u201d, esto, detall\u00f3, al prohibir que las empresas privadas generen su propio servicio con\u00a0p\u00e1neles solares.<\/p>\n\n\n\n<p>Mismo caso con las OSC que reciben\u00a0donaciones: explic\u00f3 que la\u00a0deducci\u00f3n de impuestos en donativos,\u00a0estipulada en la\u00a0Miscel\u00e1nea Fiscal 2022,\u00a0reflejan la intenci\u00f3n de L\u00f3pez Obrador por querer \u201cser el \u00fanico que ayude a la gente\u201d;\u00a0exponer \u201cla raja pol\u00edtica\u201d\u00a0expres\u00f3. <\/p>\n\n\n\n<blockquote class=\"wp-block-quote is-layout-flow wp-block-quote-is-layout-flow\"><p>\u201c\u00c9l quisiera que las ambulancias de la Cruz Roja llevaran un letrero de la 4T y que todo se lo agradezcan a \u00e9l. Quiere tener el control de cualquier ayuda o de cualquier apoyo\u201d.<\/p><\/blockquote>\n\n\n\n<p>Cabe mencionar que este tema fue uno de los m\u00e1s criticados entre las y los diputados de oposici\u00f3n durante la sesi\u00f3n al aseverar que su implementaci\u00f3n\u00a0afectar\u00eda\u00a0a las A.C.s como la\u00a0Cruz Roja; raz\u00f3n por la que buscar\u00e1n\u00a0derogar\u00a0el punto.<\/p>\n\n\n\n<p>Fuente: Infobae<\/p>\n","protected":false},"excerpt":{"rendered":"<p>\u201cNos quiere agachados y controlados\u201d, as\u00ed fue como Ricardo Anaya Cort\u00e9s, ex candidato presidencial, volvi\u00f3 a arremeter al presidente, Andr\u00e9s Manuel L\u00f3pez Obrador (AMLO). En un video publicado en su cuenta de Twitter, el abanderado de Partido Acci\u00f3n Nacional (PAN) se\u00f1al\u00f3 que el hilo conductor de algunas de las controversias que ha sostenido el mandatario [&hellip;]<\/p>\n","protected":false},"author":6,"featured_media":29457,"comment_status":"open","ping_status":"open","sticky":false,"template":"","format":"standard","meta":{"_monsterinsights_skip_tracking":false,"_monsterinsights_sitenote_active":false,"_monsterinsights_sitenote_note":"","_monsterinsights_sitenote_category":0,"footnotes":""},"categories":[158],"tags":[509],"class_list":["post-29455","post","type-post","status-publish","format-standard","has-post-thumbnail","hentry","category-politica","tag-ricardo-anaya","wp-image-borders"],"amp_enabled":true,"_links":{"self":[{"href":"https:\/\/nvnoticias.mx\/index.php\/wp-json\/wp\/v2\/posts\/29455","targetHints":{"allow":["GET"]}}],"collection":[{"href":"https:\/\/nvnoticias.mx\/index.php\/wp-json\/wp\/v2\/posts"}],"about":[{"href":"https:\/\/nvnoticias.mx\/index.php\/wp-json\/wp\/v2\/types\/post"}],"author":[{"embeddable":true,"href":"https:\/\/nvnoticias.mx\/index.php\/wp-json\/wp\/v2\/users\/6"}],"replies":[{"embeddable":true,"href":"https:\/\/nvnoticias.mx\/index.php\/wp-json\/wp\/v2\/comments?post=29455"}],"version-history":[{"count":1,"href":"https:\/\/nvnoticias.mx\/index.php\/wp-json\/wp\/v2\/posts\/29455\/revisions"}],"predecessor-version":[{"id":29456,"href":"https:\/\/nvnoticias.mx\/index.php\/wp-json\/wp\/v2\/posts\/29455\/revisions\/29456"}],"wp:featuredmedia":[{"embeddable":true,"href":"https:\/\/nvnoticias.mx\/index.php\/wp-json\/wp\/v2\/media\/29457"}],"wp:attachment":[{"href":"https:\/\/nvnoticias.mx\/index.php\/wp-json\/wp\/v2\/media?parent=29455"}],"wp:term":[{"taxonomy":"category","embeddable":true,"href":"https:\/\/nvnoticias.mx\/index.php\/wp-json\/wp\/v2\/categories?post=29455"},{"taxonomy":"post_tag","embeddable":true,"href":"https:\/\/nvnoticias.mx\/index.php\/wp-json\/wp\/v2\/tags?post=29455"}],"curies":[{"name":"wp","href":"https:\/\/api.w.org\/{rel}","templated":true}]}}