{"id":29342,"date":"2021-10-30T12:42:43","date_gmt":"2021-10-30T17:42:43","guid":{"rendered":"https:\/\/nvnoticias.mx\/?p=29342"},"modified":"2021-10-30T12:42:44","modified_gmt":"2021-10-30T17:42:44","slug":"reportan-escasez-de-flores-y-altos-precios","status":"publish","type":"post","link":"https:\/\/nvnoticias.mx\/index.php\/2021\/10\/30\/reportan-escasez-de-flores-y-altos-precios\/","title":{"rendered":"Reportan escasez de flores y altos precios"},"content":{"rendered":"\n<p>Jes\u00fas Utrilla | NV Noticias<\/p>\n\n\n\n<p>El precio de las flores subi\u00f3 debido a que los productores sembraron pocas hect\u00e1reas ante las p\u00e9rdidas que tuvieron en 2020 por la pandemia.<\/p>\n\n\n\n<p>Los vendedores de estos productos consideraron que no tendr\u00e1n grandes ganancias durante los festejos de D\u00eda de Muerto debido a que adquirieron poco producto ya que lo tienen que ofrecer caro.<\/p>\n\n\n\n<p>Explicaron que el a\u00f1o pasado se suspendieron fiestas, cerraron los cementerios, no hubo eventos de ning\u00fan tipo y las flores se echaron a perder.<\/p>\n\n\n\n<p>Esto ocasion\u00f3 p\u00e9rdidas econ\u00f3micas a los productores en y no quisieron invertir en la siembra.<\/p>\n\n\n\n<p>Algunos que venden flores en las cercan\u00edas de los cementerios consideraron que para el martes 2 de noviembre ya no habr\u00e1 flor de cempas\u00fachil.<\/p>\n\n\n\n<p>Aunque nuevamente el sem\u00e1foro epidemiol\u00f3gico permite la realizaci\u00f3n de fiestas y eventos ya no hubo siembra lo que significa que agudizar\u00e1 el desabasto y con ello habr\u00e1 un repunte sustancial en los precios de la flor.<\/p>\n\n\n\n<p>Los vendedores estimaron que el producto increment\u00f3 entre 40 y 50 por ciento y se refleja en el precio al consumidor final.<br>Incluso vaticinaron que la verdadera recuperaci\u00f3n del sector se tendr\u00e1 hasta el pr\u00f3ximo a\u00f1o, en fechas como el D\u00eda de las Madres.<\/p>\n\n\n\n<p>Pese a ello los comerciantes que ofrecen flores en las inmediaciones de los panteones esperan un ligero aumento.<\/p>\n","protected":false},"excerpt":{"rendered":"<p>Jes\u00fas Utrilla | NV Noticias El precio de las flores subi\u00f3 debido a que los productores sembraron pocas hect\u00e1reas ante las p\u00e9rdidas que tuvieron en 2020 por la pandemia. Los vendedores de estos productos consideraron que no tendr\u00e1n grandes ganancias durante los festejos de D\u00eda de Muerto debido a que adquirieron poco producto ya que [&hellip;]<\/p>\n","protected":false},"author":6,"featured_media":29345,"comment_status":"open","ping_status":"open","sticky":false,"template":"","format":"standard","meta":{"_monsterinsights_skip_tracking":false,"_monsterinsights_sitenote_active":false,"_monsterinsights_sitenote_note":"","_monsterinsights_sitenote_category":0,"footnotes":""},"categories":[154],"tags":[6784,6910],"class_list":["post-29342","post","type-post","status-publish","format-standard","has-post-thumbnail","hentry","category-veracruz","tag-cempasuchil","tag-flor","wp-image-borders"],"amp_enabled":true,"_links":{"self":[{"href":"https:\/\/nvnoticias.mx\/index.php\/wp-json\/wp\/v2\/posts\/29342","targetHints":{"allow":["GET"]}}],"collection":[{"href":"https:\/\/nvnoticias.mx\/index.php\/wp-json\/wp\/v2\/posts"}],"about":[{"href":"https:\/\/nvnoticias.mx\/index.php\/wp-json\/wp\/v2\/types\/post"}],"author":[{"embeddable":true,"href":"https:\/\/nvnoticias.mx\/index.php\/wp-json\/wp\/v2\/users\/6"}],"replies":[{"embeddable":true,"href":"https:\/\/nvnoticias.mx\/index.php\/wp-json\/wp\/v2\/comments?post=29342"}],"version-history":[{"count":1,"href":"https:\/\/nvnoticias.mx\/index.php\/wp-json\/wp\/v2\/posts\/29342\/revisions"}],"predecessor-version":[{"id":29346,"href":"https:\/\/nvnoticias.mx\/index.php\/wp-json\/wp\/v2\/posts\/29342\/revisions\/29346"}],"wp:featuredmedia":[{"embeddable":true,"href":"https:\/\/nvnoticias.mx\/index.php\/wp-json\/wp\/v2\/media\/29345"}],"wp:attachment":[{"href":"https:\/\/nvnoticias.mx\/index.php\/wp-json\/wp\/v2\/media?parent=29342"}],"wp:term":[{"taxonomy":"category","embeddable":true,"href":"https:\/\/nvnoticias.mx\/index.php\/wp-json\/wp\/v2\/categories?post=29342"},{"taxonomy":"post_tag","embeddable":true,"href":"https:\/\/nvnoticias.mx\/index.php\/wp-json\/wp\/v2\/tags?post=29342"}],"curies":[{"name":"wp","href":"https:\/\/api.w.org\/{rel}","templated":true}]}}