{"id":2928,"date":"2021-01-29T18:12:26","date_gmt":"2021-01-30T00:12:26","guid":{"rendered":"https:\/\/nvnoticias.mx\/?p=2928"},"modified":"2021-01-29T18:13:29","modified_gmt":"2021-01-30T00:13:29","slug":"piden-no-difundir-versiones-falsas-de-la-salud-de-amlo","status":"publish","type":"post","link":"https:\/\/nvnoticias.mx\/index.php\/2021\/01\/29\/piden-no-difundir-versiones-falsas-de-la-salud-de-amlo\/","title":{"rendered":"Piden no difundir versiones falsas de la salud de AMLO"},"content":{"rendered":"\n<p>A trav\u00e9s de su cuenta de twitter el\u00a0vocero de la presidencia, Jes\u00fas Ram\u00edrez Cuevas, solicit\u00f3 a medios de comunicaci\u00f3n y a la poblaci\u00f3n en general que\u00a0no se difundan versiones del estado de salud del presidente Andr\u00e9s Manuel L\u00f3pez Obrador, que se encuentra infectado de Covid-19.<\/p>\n\n\n\n<figure class=\"wp-block-embed is-type-rich is-provider-twitter wp-block-embed-twitter\"><div class=\"wp-block-embed__wrapper\">\n<blockquote class=\"twitter-tweet\" data-width=\"550\" data-dnt=\"true\"><p lang=\"es\" dir=\"ltr\">Convocamos a medios de comunicaci\u00f3n y a la ciudadan\u00eda a evitar difundir versiones no confirmadas por el <a href=\"https:\/\/twitter.com\/GobiernoMX?ref_src=twsrc%5Etfw\">@GobiernoMX<\/a> sobre la salud del presidente. Hay versiones de mala fe y desinformaci\u00f3n con intenciones pol\u00edticas, que buscan da\u00f1ar la imagen del mandatario. No a la infodemia<\/p>&mdash; Jes\u00fas Ram\u00edrez Cuevas (@JesusRCuevas) <a href=\"https:\/\/twitter.com\/JesusRCuevas\/status\/1355156975944929281?ref_src=twsrc%5Etfw\">January 29, 2021<\/a><\/blockquote><script async src=\"https:\/\/platform.twitter.com\/widgets.js\" charset=\"utf-8\"><\/script>\n<\/div><\/figure>\n\n\n\n<p>Cabe destacar que hasta la fecha la secretaria de Gobernaci\u00f3n, Olga S\u00e1nchez Cordero,\u00a0se ha limitado a se\u00f1alar durante las conferencias ma\u00f1aneras que el presidente se encuentra &#8220;muy bien&#8221;.<\/p>\n\n\n\n<p><\/p>\n","protected":false},"excerpt":{"rendered":"<p>A trav\u00e9s de su cuenta de twitter el\u00a0vocero de la presidencia, Jes\u00fas Ram\u00edrez Cuevas, solicit\u00f3 a medios de comunicaci\u00f3n y a la poblaci\u00f3n en general que\u00a0no se difundan versiones del estado de salud del presidente Andr\u00e9s Manuel L\u00f3pez Obrador, que se encuentra infectado de Covid-19. Cabe destacar que hasta la fecha la secretaria de Gobernaci\u00f3n, [&hellip;]<\/p>\n","protected":false},"author":6,"featured_media":513,"comment_status":"open","ping_status":"open","sticky":false,"template":"","format":"standard","meta":{"_monsterinsights_skip_tracking":false,"_monsterinsights_sitenote_active":false,"_monsterinsights_sitenote_note":"","_monsterinsights_sitenote_category":0,"footnotes":""},"categories":[157],"tags":[188,162,193],"class_list":["post-2928","post","type-post","status-publish","format-standard","has-post-thumbnail","hentry","category-nacional","tag-amlo","tag-portada","tag-salud","wp-image-borders"],"amp_enabled":true,"_links":{"self":[{"href":"https:\/\/nvnoticias.mx\/index.php\/wp-json\/wp\/v2\/posts\/2928","targetHints":{"allow":["GET"]}}],"collection":[{"href":"https:\/\/nvnoticias.mx\/index.php\/wp-json\/wp\/v2\/posts"}],"about":[{"href":"https:\/\/nvnoticias.mx\/index.php\/wp-json\/wp\/v2\/types\/post"}],"author":[{"embeddable":true,"href":"https:\/\/nvnoticias.mx\/index.php\/wp-json\/wp\/v2\/users\/6"}],"replies":[{"embeddable":true,"href":"https:\/\/nvnoticias.mx\/index.php\/wp-json\/wp\/v2\/comments?post=2928"}],"version-history":[{"count":2,"href":"https:\/\/nvnoticias.mx\/index.php\/wp-json\/wp\/v2\/posts\/2928\/revisions"}],"predecessor-version":[{"id":2930,"href":"https:\/\/nvnoticias.mx\/index.php\/wp-json\/wp\/v2\/posts\/2928\/revisions\/2930"}],"wp:featuredmedia":[{"embeddable":true,"href":"https:\/\/nvnoticias.mx\/index.php\/wp-json\/wp\/v2\/media\/513"}],"wp:attachment":[{"href":"https:\/\/nvnoticias.mx\/index.php\/wp-json\/wp\/v2\/media?parent=2928"}],"wp:term":[{"taxonomy":"category","embeddable":true,"href":"https:\/\/nvnoticias.mx\/index.php\/wp-json\/wp\/v2\/categories?post=2928"},{"taxonomy":"post_tag","embeddable":true,"href":"https:\/\/nvnoticias.mx\/index.php\/wp-json\/wp\/v2\/tags?post=2928"}],"curies":[{"name":"wp","href":"https:\/\/api.w.org\/{rel}","templated":true}]}}