{"id":29142,"date":"2021-10-28T15:04:55","date_gmt":"2021-10-28T20:04:55","guid":{"rendered":"https:\/\/nvnoticias.mx\/?p=29142"},"modified":"2021-10-28T15:04:56","modified_gmt":"2021-10-28T20:04:56","slug":"no-hay-avances-en-la-organizacion-del-carnaval-de-veracruz-2022","status":"publish","type":"post","link":"https:\/\/nvnoticias.mx\/index.php\/2021\/10\/28\/no-hay-avances-en-la-organizacion-del-carnaval-de-veracruz-2022\/","title":{"rendered":"No hay avances en la organizaci\u00f3n del Carnaval de Veracruz 2022"},"content":{"rendered":"\n<p><strong>Jes\u00fas Utrilla | NV Noticias<\/strong><\/p>\n\n\n\n<p>No se registra avance alguno para llevar a cabo el Carnaval de Veracruz el pr\u00f3ximo a\u00f1o, admiti\u00f3 el alcalde Fernando Yunes M\u00e1rquez.<br>Explic\u00f3 que en agosto debi\u00f3 comenzar la log\u00edstica, incluso para estas fechas ya se deber\u00eda de tener a los reyes de las fiestas y no hay ning\u00fan avance.<br>Por tal motivo consider\u00f3 que el pr\u00f3ximo a\u00f1o tampoco habr\u00e1 carnaval.<br><\/p>\n\n\n\n<blockquote class=\"wp-block-quote is-layout-flow wp-block-quote-is-layout-flow\"><p>\u201cYa se pasaron, las fechas normales son en agosto, cuando salen las convocatorias y septiembre cuando se elige rey y reina\u201d.<\/p><\/blockquote>\n\n\n\n<p>Yunes M\u00e1rquez\u00a0 invit\u00f3 a presenciar las actividades que habr\u00e1n de desarrollarse por D\u00eda de Muertos. Habr\u00e1 vigilancia al interior y exterior de los panteones. El alcalde rechaz\u00f3 que por la temporada aumentara el comercio informal.<\/p>\n\n\n\n<blockquote class=\"wp-block-quote is-layout-flow wp-block-quote-is-layout-flow\"><p>\u201cTraigamos a los ni\u00f1os peque\u00f1os para que vean estas tradiciones. En los cementerios se abrir\u00e1 con uso de cubrebocas y sana distancia. Lo m\u00e1s probable es que queden abiertos porque ya no habr\u00eda problemas por aglomeraciones\u201d.<\/p><\/blockquote>\n\n\n\n<p>Finalmente rechaz\u00f3 que integrantes de la Uni\u00f3n de Proveedores Audiovisuales de Veracruz buscar\u00e1n acercamiento con las autoridades municipales y aclar\u00f3 que no son proveedores de servicios del carnaval.<\/p>\n","protected":false},"excerpt":{"rendered":"<p>Jes\u00fas Utrilla | NV Noticias No se registra avance alguno para llevar a cabo el Carnaval de Veracruz el pr\u00f3ximo a\u00f1o, admiti\u00f3 el alcalde Fernando Yunes M\u00e1rquez.Explic\u00f3 que en agosto debi\u00f3 comenzar la log\u00edstica, incluso para estas fechas ya se deber\u00eda de tener a los reyes de las fiestas y no hay ning\u00fan avance.Por tal [&hellip;]<\/p>\n","protected":false},"author":35,"featured_media":2379,"comment_status":"open","ping_status":"open","sticky":false,"template":"","format":"standard","meta":{"_monsterinsights_skip_tracking":false,"_monsterinsights_sitenote_active":false,"_monsterinsights_sitenote_note":"","_monsterinsights_sitenote_category":0,"footnotes":""},"categories":[154],"tags":[6866,162],"class_list":["post-29142","post","type-post","status-publish","format-standard","has-post-thumbnail","hentry","category-veracruz","tag-carnaval","tag-portada","wp-image-borders"],"amp_enabled":true,"_links":{"self":[{"href":"https:\/\/nvnoticias.mx\/index.php\/wp-json\/wp\/v2\/posts\/29142","targetHints":{"allow":["GET"]}}],"collection":[{"href":"https:\/\/nvnoticias.mx\/index.php\/wp-json\/wp\/v2\/posts"}],"about":[{"href":"https:\/\/nvnoticias.mx\/index.php\/wp-json\/wp\/v2\/types\/post"}],"author":[{"embeddable":true,"href":"https:\/\/nvnoticias.mx\/index.php\/wp-json\/wp\/v2\/users\/35"}],"replies":[{"embeddable":true,"href":"https:\/\/nvnoticias.mx\/index.php\/wp-json\/wp\/v2\/comments?post=29142"}],"version-history":[{"count":1,"href":"https:\/\/nvnoticias.mx\/index.php\/wp-json\/wp\/v2\/posts\/29142\/revisions"}],"predecessor-version":[{"id":29143,"href":"https:\/\/nvnoticias.mx\/index.php\/wp-json\/wp\/v2\/posts\/29142\/revisions\/29143"}],"wp:featuredmedia":[{"embeddable":true,"href":"https:\/\/nvnoticias.mx\/index.php\/wp-json\/wp\/v2\/media\/2379"}],"wp:attachment":[{"href":"https:\/\/nvnoticias.mx\/index.php\/wp-json\/wp\/v2\/media?parent=29142"}],"wp:term":[{"taxonomy":"category","embeddable":true,"href":"https:\/\/nvnoticias.mx\/index.php\/wp-json\/wp\/v2\/categories?post=29142"},{"taxonomy":"post_tag","embeddable":true,"href":"https:\/\/nvnoticias.mx\/index.php\/wp-json\/wp\/v2\/tags?post=29142"}],"curies":[{"name":"wp","href":"https:\/\/api.w.org\/{rel}","templated":true}]}}