{"id":29139,"date":"2021-10-28T14:49:38","date_gmt":"2021-10-28T19:49:38","guid":{"rendered":"https:\/\/nvnoticias.mx\/?p=29139"},"modified":"2021-10-28T14:49:38","modified_gmt":"2021-10-28T19:49:38","slug":"vandalizan-por-tercera-vez-la-primaria-mariana-rodriguez-del-toro-de-lazarin","status":"publish","type":"post","link":"https:\/\/nvnoticias.mx\/index.php\/2021\/10\/28\/vandalizan-por-tercera-vez-la-primaria-mariana-rodriguez-del-toro-de-lazarin\/","title":{"rendered":"Vandalizan por tercera vez la primaria Mariana Rodr\u00edguez del Toro de Lazar\u00edn"},"content":{"rendered":"\n<p><strong>Jes\u00fas Utrilla | NV Noticias<\/strong><\/p>\n\n\n\n<p>Veracruz.- Rosalba Hern\u00e1ndez Garc\u00eda, presidenta del Consejo Escolar de Participaci\u00f3n Social (CEPS), acus\u00f3 que por tercera ocasi\u00f3n en este a\u00f1o vanfalizaron la primaria Mariana Rodr\u00edguez del Toro de Lazar\u00edn.<\/p>\n\n\n\n<p>Admiti\u00f3 que esta vez no se llevaron nada por que previamente resguardaron los equipos, sin embargo, las instalaciones fueron vandalizadas. Llam\u00f3 a las autoridades educativas a dar respuesta oportuna ante los robos constantes que sufre el plantel educativo, pues ya llevan tres y nadie los apoya.<\/p>\n\n\n\n<blockquote class=\"wp-block-quote is-layout-flow wp-block-quote-is-layout-flow\"><p>\u201cA la fecha no tenemos esa respuesta por parte de la autoridad para que voltee a ver la escuela, yo supongo, no puedo hablar por las dem\u00e1s, pero la nuestra est\u00e1 en ese abandono, digamos. Y muy a pesar de que en una reuni\u00f3n que mencion\u00f3 el secretario (de Educaci\u00f3n), de que los padres no nos preocupamos por la escuela, pues nosotros s\u00ed somos unos padres preocupados, las autoridades, los maestros, estamos involucrados en el resguardo de nuestra escuela, pero ahora s\u00ed que estamos rebasados por los amantes de lo ajeno\u201d. <\/p><\/blockquote>\n\n\n\n<p>Dijo que la primera ocasi\u00f3n les robaron equipo de audio, posteriormente destrozaron el centro de carga y afectaron las c\u00e1maras de vigilancia y el cercado el\u00e9ctrico. Con ello los ladrones se llevaron el cableado de cobre, tuber\u00eda, bomba de agua y la campana. La tercera ocasi\u00f3n fue durante la madrugada del jueves y da\u00f1aron el port\u00f3n.<br>Acus\u00f3 que las autoridades no han brindado ning\u00fan apoyo al plantel educativo.<\/p>\n","protected":false},"excerpt":{"rendered":"<p>Jes\u00fas Utrilla | NV Noticias Veracruz.- Rosalba Hern\u00e1ndez Garc\u00eda, presidenta del Consejo Escolar de Participaci\u00f3n Social (CEPS), acus\u00f3 que por tercera ocasi\u00f3n en este a\u00f1o vanfalizaron la primaria Mariana Rodr\u00edguez del Toro de Lazar\u00edn. Admiti\u00f3 que esta vez no se llevaron nada por que previamente resguardaron los equipos, sin embargo, las instalaciones fueron vandalizadas. Llam\u00f3 [&hellip;]<\/p>\n","protected":false},"author":35,"featured_media":29140,"comment_status":"open","ping_status":"open","sticky":false,"template":"","format":"standard","meta":{"_monsterinsights_skip_tracking":false,"_monsterinsights_sitenote_active":false,"_monsterinsights_sitenote_note":"","_monsterinsights_sitenote_category":0,"footnotes":""},"categories":[154],"tags":[6865],"class_list":["post-29139","post","type-post","status-publish","format-standard","has-post-thumbnail","hentry","category-veracruz","tag-mariana-rodriguez-del-toro-de-lazarin","wp-image-borders"],"amp_enabled":true,"_links":{"self":[{"href":"https:\/\/nvnoticias.mx\/index.php\/wp-json\/wp\/v2\/posts\/29139","targetHints":{"allow":["GET"]}}],"collection":[{"href":"https:\/\/nvnoticias.mx\/index.php\/wp-json\/wp\/v2\/posts"}],"about":[{"href":"https:\/\/nvnoticias.mx\/index.php\/wp-json\/wp\/v2\/types\/post"}],"author":[{"embeddable":true,"href":"https:\/\/nvnoticias.mx\/index.php\/wp-json\/wp\/v2\/users\/35"}],"replies":[{"embeddable":true,"href":"https:\/\/nvnoticias.mx\/index.php\/wp-json\/wp\/v2\/comments?post=29139"}],"version-history":[{"count":1,"href":"https:\/\/nvnoticias.mx\/index.php\/wp-json\/wp\/v2\/posts\/29139\/revisions"}],"predecessor-version":[{"id":29141,"href":"https:\/\/nvnoticias.mx\/index.php\/wp-json\/wp\/v2\/posts\/29139\/revisions\/29141"}],"wp:featuredmedia":[{"embeddable":true,"href":"https:\/\/nvnoticias.mx\/index.php\/wp-json\/wp\/v2\/media\/29140"}],"wp:attachment":[{"href":"https:\/\/nvnoticias.mx\/index.php\/wp-json\/wp\/v2\/media?parent=29139"}],"wp:term":[{"taxonomy":"category","embeddable":true,"href":"https:\/\/nvnoticias.mx\/index.php\/wp-json\/wp\/v2\/categories?post=29139"},{"taxonomy":"post_tag","embeddable":true,"href":"https:\/\/nvnoticias.mx\/index.php\/wp-json\/wp\/v2\/tags?post=29139"}],"curies":[{"name":"wp","href":"https:\/\/api.w.org\/{rel}","templated":true}]}}