{"id":29135,"date":"2021-10-28T14:17:51","date_gmt":"2021-10-28T19:17:51","guid":{"rendered":"https:\/\/nvnoticias.mx\/?p=29135"},"modified":"2021-10-28T14:23:43","modified_gmt":"2021-10-28T19:23:43","slug":"exige-diputada-que-la-fiscalia-actue-contra-feminicidas","status":"publish","type":"post","link":"https:\/\/nvnoticias.mx\/index.php\/2021\/10\/28\/exige-diputada-que-la-fiscalia-actue-contra-feminicidas\/","title":{"rendered":"Exige diputada que la Fiscal\u00eda act\u00fae contra feminicidas"},"content":{"rendered":"\n<p><strong>Jes\u00fas Utrilla | NV Noticias<\/strong><\/p>\n\n\n\n<p>Veracruz.- La diputada local panista, Janet Y\u00e9pez Lara recrimin\u00f3 que ante la ola de violencia que hay en Veracruz con m\u00e1s de mil 400 homicidios en lo que va del 2021, la Fiscal\u00eda General del Estado (FGE) ha hecho un p\u00e9simo trabajo en tratar de esclarecer y otorgar justicia a los 55 feminicidios perpetrados en la entidad, de enero a septiembre, con lo cual se fomenta la impunidad en la violencia de g\u00e9nero.<\/p>\n\n\n\n<p>Expuso que como Legisladora y como mujer, le preocupa y ocupa esta violencia sistematizada; ya que se evidenc\u00eda el p\u00e9simo trabajo del Gobierno del Estado y de la Fiscal\u00eda para erradicar la violencia de g\u00e9nero. La muestra est\u00e1 en el n\u00famero creciente de feminicidios, ya que Veracruz siempre va en primer o segundo lugar del pa\u00eds, de entidades donde m\u00e1s asesinatos con perspectiva de g\u00e9nero ocurren.<\/p>\n\n\n\n<blockquote class=\"wp-block-quote is-layout-flow wp-block-quote-is-layout-flow\"><p>&#8220;La ola de feminicidios en Veracruz va a la alza, con 230 feminicidios en casi 3 a\u00f1os de Gobierno, de los cuales, 55 van de enero a septiembre del 2021, cifras sacadas por el Sistema Nacional de Seguridad P\u00fablica. Por lo cual exhortamos encarecidamente a la Fiscal\u00eda, que resultados a la sociedad, de cuantos feminicidas est\u00e1n en prisi\u00f3n y cuantos casos han sido resueltos&#8221;.<\/p><\/blockquote>\n\n\n\n<p>Y\u00e9pez Lara se\u00f1al\u00f3 que tras una revisi\u00f3n exhaustiva al Sistema Nacional de Seguridad P\u00fablica preocupa que por ejemplo en Veracruz ocurrieron ocho feminicidios en agosto, pero tambi\u00e9n en mayo, mientras otras entidades del pa\u00eds, acumulan esa misma cantidad, pero en todo lo que va del 2021. La diputada panista, Y\u00e9pez Lara exhort\u00f3 a la Fiscal, Ver\u00f3nica Hern\u00e1ndez y a sus fiscales regionales a hacer su trabajo.<\/p>\n","protected":false},"excerpt":{"rendered":"<p>Jes\u00fas Utrilla | NV Noticias Veracruz.- La diputada local panista, Janet Y\u00e9pez Lara recrimin\u00f3 que ante la ola de violencia que hay en Veracruz con m\u00e1s de mil 400 homicidios en lo que va del 2021, la Fiscal\u00eda General del Estado (FGE) ha hecho un p\u00e9simo trabajo en tratar de esclarecer y otorgar justicia a [&hellip;]<\/p>\n","protected":false},"author":35,"featured_media":29136,"comment_status":"open","ping_status":"open","sticky":false,"template":"","format":"standard","meta":{"_monsterinsights_skip_tracking":false,"_monsterinsights_sitenote_active":false,"_monsterinsights_sitenote_note":"","_monsterinsights_sitenote_category":0,"footnotes":""},"categories":[154],"tags":[6864,6863,162],"class_list":["post-29135","post","type-post","status-publish","format-standard","has-post-thumbnail","hentry","category-veracruz","tag-feminicidas","tag-janet-yepez-lara","tag-portada","wp-image-borders"],"amp_enabled":true,"_links":{"self":[{"href":"https:\/\/nvnoticias.mx\/index.php\/wp-json\/wp\/v2\/posts\/29135","targetHints":{"allow":["GET"]}}],"collection":[{"href":"https:\/\/nvnoticias.mx\/index.php\/wp-json\/wp\/v2\/posts"}],"about":[{"href":"https:\/\/nvnoticias.mx\/index.php\/wp-json\/wp\/v2\/types\/post"}],"author":[{"embeddable":true,"href":"https:\/\/nvnoticias.mx\/index.php\/wp-json\/wp\/v2\/users\/35"}],"replies":[{"embeddable":true,"href":"https:\/\/nvnoticias.mx\/index.php\/wp-json\/wp\/v2\/comments?post=29135"}],"version-history":[{"count":2,"href":"https:\/\/nvnoticias.mx\/index.php\/wp-json\/wp\/v2\/posts\/29135\/revisions"}],"predecessor-version":[{"id":29138,"href":"https:\/\/nvnoticias.mx\/index.php\/wp-json\/wp\/v2\/posts\/29135\/revisions\/29138"}],"wp:featuredmedia":[{"embeddable":true,"href":"https:\/\/nvnoticias.mx\/index.php\/wp-json\/wp\/v2\/media\/29136"}],"wp:attachment":[{"href":"https:\/\/nvnoticias.mx\/index.php\/wp-json\/wp\/v2\/media?parent=29135"}],"wp:term":[{"taxonomy":"category","embeddable":true,"href":"https:\/\/nvnoticias.mx\/index.php\/wp-json\/wp\/v2\/categories?post=29135"},{"taxonomy":"post_tag","embeddable":true,"href":"https:\/\/nvnoticias.mx\/index.php\/wp-json\/wp\/v2\/tags?post=29135"}],"curies":[{"name":"wp","href":"https:\/\/api.w.org\/{rel}","templated":true}]}}