{"id":29085,"date":"2021-10-28T09:20:33","date_gmt":"2021-10-28T14:20:33","guid":{"rendered":"https:\/\/nvnoticias.mx\/?p=29085"},"modified":"2021-10-28T09:20:49","modified_gmt":"2021-10-28T14:20:49","slug":"se-espera-mayor-inversion-en-el-sector-de-bienes-raices","status":"publish","type":"post","link":"https:\/\/nvnoticias.mx\/index.php\/2021\/10\/28\/se-espera-mayor-inversion-en-el-sector-de-bienes-raices\/","title":{"rendered":"Se espera mayor inversi\u00f3n en el sector de bienes ra\u00edces"},"content":{"rendered":"\n<p>Jes\u00fas Utrilla | NV Noticias<div><br>Para 2022 se espera una intensa recuperaci\u00f3n de las fuentes de empleo y con ello mayor inversi\u00f3n en el sector de bienes ra\u00edces, se\u00f1al\u00f3 Pedro Fern\u00e1ndez Mart\u00ednez, presidente nacional de la Asociaci\u00f3n Mexicana de Profesionales Inmobiliarios (Ampi).<\/div><\/p>\n\n\n\n<p>Agreg\u00f3 que se prev\u00e9 que ciertos sectores incrementen su versatilidad inmobiliaria, lo que se traducir\u00e1 el derrame econ\u00f3mica.<\/p>\n\n\n\n<p>En comparaci\u00f3n a 2020, durante 2021 hubo mayor construcci\u00f3n, demanda de servicios inmobiliarios, seguros, entre otros.<br>Y se prev\u00e9 un siguiente a\u00f1o de mayor recuperaci\u00f3n.<\/p>\n\n\n\n<blockquote class=\"wp-block-quote is-layout-flow wp-block-quote-is-layout-flow\"><p>\u201cDurante 2021 tuvimos una importante recuperaci\u00f3n y se espera que la estabilidad que se va a generar a\u00fan m\u00e1s el pr\u00f3ximo a\u00f1o motive a que m\u00e1s personas inviertan en bienes ra\u00edces\u201d.<\/p><\/blockquote>\n\n\n\n<p>Insisti\u00f3 en que la estabilidad laboral que se generar\u00e1 en 2022 incrementar\u00e1 las intenciones de compra de los consumidores de bienes inmuebles.<\/p>\n\n\n\n<p>Adem\u00e1s el Banco de M\u00e9xico y la Secretar\u00eda de Hacienda y Cr\u00e9dito P\u00fablico (SHCP) consideraron que este a\u00f1o cerrar\u00e1 con una recuperaci\u00f3n del 4.6 por ciento del Producto Interno Bruto para el sector inmobiliario.<\/p>\n\n\n\n<p>Esto es, que el sector inmobiliario se encuentra en crecimiento y que las condiciones ser\u00e1n m\u00e1s favorables con el transcurso de los meses.<\/p>\n\n\n\n<p>Atribuy\u00f3 el crecimiento del sector inmobiliario al d\u00e9ficit de vivienda que se present\u00f3 tras la emergencia sanitaria; a que 63 por ciento de los 123 millones de habitantes en M\u00e9xico tiene treinta a\u00f1os de edad o menos; los avances tecnol\u00f3gicos que propiciaron la creaci\u00f3n de m\u00e1s portales inmobiliarios; el incremento de los segmentos de inter\u00e9s social para adquirir una vivienda, entre otros. <\/p>\n","protected":false},"excerpt":{"rendered":"<p>Jes\u00fas Utrilla | NV Noticias Para 2022 se espera una intensa recuperaci\u00f3n de las fuentes de empleo y con ello mayor inversi\u00f3n en el sector de bienes ra\u00edces, se\u00f1al\u00f3 Pedro Fern\u00e1ndez Mart\u00ednez, presidente nacional de la Asociaci\u00f3n Mexicana de Profesionales Inmobiliarios (Ampi). Agreg\u00f3 que se prev\u00e9 que ciertos sectores incrementen su versatilidad inmobiliaria, lo que [&hellip;]<\/p>\n","protected":false},"author":6,"featured_media":29087,"comment_status":"open","ping_status":"open","sticky":false,"template":"","format":"standard","meta":{"_monsterinsights_skip_tracking":false,"_monsterinsights_sitenote_active":false,"_monsterinsights_sitenote_note":"","_monsterinsights_sitenote_category":0,"footnotes":""},"categories":[154],"tags":[6855,254],"class_list":["post-29085","post","type-post","status-publish","format-standard","has-post-thumbnail","hentry","category-veracruz","tag-bienes-raices","tag-inversion","wp-image-borders"],"amp_enabled":true,"_links":{"self":[{"href":"https:\/\/nvnoticias.mx\/index.php\/wp-json\/wp\/v2\/posts\/29085","targetHints":{"allow":["GET"]}}],"collection":[{"href":"https:\/\/nvnoticias.mx\/index.php\/wp-json\/wp\/v2\/posts"}],"about":[{"href":"https:\/\/nvnoticias.mx\/index.php\/wp-json\/wp\/v2\/types\/post"}],"author":[{"embeddable":true,"href":"https:\/\/nvnoticias.mx\/index.php\/wp-json\/wp\/v2\/users\/6"}],"replies":[{"embeddable":true,"href":"https:\/\/nvnoticias.mx\/index.php\/wp-json\/wp\/v2\/comments?post=29085"}],"version-history":[{"count":2,"href":"https:\/\/nvnoticias.mx\/index.php\/wp-json\/wp\/v2\/posts\/29085\/revisions"}],"predecessor-version":[{"id":29089,"href":"https:\/\/nvnoticias.mx\/index.php\/wp-json\/wp\/v2\/posts\/29085\/revisions\/29089"}],"wp:featuredmedia":[{"embeddable":true,"href":"https:\/\/nvnoticias.mx\/index.php\/wp-json\/wp\/v2\/media\/29087"}],"wp:attachment":[{"href":"https:\/\/nvnoticias.mx\/index.php\/wp-json\/wp\/v2\/media?parent=29085"}],"wp:term":[{"taxonomy":"category","embeddable":true,"href":"https:\/\/nvnoticias.mx\/index.php\/wp-json\/wp\/v2\/categories?post=29085"},{"taxonomy":"post_tag","embeddable":true,"href":"https:\/\/nvnoticias.mx\/index.php\/wp-json\/wp\/v2\/tags?post=29085"}],"curies":[{"name":"wp","href":"https:\/\/api.w.org\/{rel}","templated":true}]}}