{"id":29018,"date":"2021-10-27T12:54:11","date_gmt":"2021-10-27T17:54:11","guid":{"rendered":"https:\/\/nvnoticias.mx\/?p=29018"},"modified":"2021-10-27T14:15:49","modified_gmt":"2021-10-27T19:15:49","slug":"arranca-vacunacion-a-menores-con-comorbilidad-seran-9-mil-259","status":"publish","type":"post","link":"https:\/\/nvnoticias.mx\/index.php\/2021\/10\/27\/arranca-vacunacion-a-menores-con-comorbilidad-seran-9-mil-259\/","title":{"rendered":"Arranca vacunaci\u00f3n a menores con comorbilidad; ser\u00e1n 9 mil 259"},"content":{"rendered":"\n<p><strong>Gabriela Rasgado &#8211; Jes\u00fas Utrilla| NV Noticias<\/strong>\u00a0<\/p>\n\n\n\n<p>Xalapa. &#8211; &nbsp;Un total de 9 mil 259 ni\u00f1os y j\u00f3venes de entre 12 y 17 a\u00f1os con comorbilidades est\u00e1n listos para ser vacunados en 28 hospitales, iniciando en 12 municipios, donde se busca vacunar a los primeros 4 mil 416 desde este jueves al viernes 29.&nbsp;<\/p>\n\n\n\n<p>Al respecto, el delegado de la Secretar\u00eda del Bienestar, Manuel Huerta Ladr\u00f3n de Guevara record\u00f3 que no es una convocatoria abierta la nueva jornada de vacunaci\u00f3n, sino que son casos especiales que son atendidos por m\u00e9dicos de cabecera y canalizados por estos para acceder a la inmunizaci\u00f3n.&nbsp;<\/p>\n\n\n\n<p>Ladr\u00f3n de Guevara dijo que quienes no est\u00e1n contemplados en esta primera&nbsp;jornada,&nbsp;pero tienen una comorbilidad sin atenci\u00f3n m\u00e9dica, pueden ingresar al portal de vacunaci\u00f3n para&nbsp;que&nbsp;a partir de su registro, puedan recibir orientaci\u00f3n que determine si son candidatos o no a recibir el suero.&nbsp;<\/p>\n\n\n\n<blockquote class=\"wp-block-quote is-layout-flow wp-block-quote-is-layout-flow\"><p>\u201cLos municipios que hoy est\u00e1n atendiendo son Minatitl\u00e1n, Nanchital, Coatzacoalcos; los hospitales del ISSSTE en Xalapa; en SESVER en&nbsp;Coatzacoalcos, en Orizaba, Poza Rica, Tuxpan y en el puerto de Veracruz\u201d, dijo.&nbsp;<\/p><\/blockquote>\n\n\n\n<p>Insisti\u00f3 en el llamado a aquellos que tienen comorbilidades a revisar la gu\u00eda de sus enfermedades y se registren.\u00a0<\/p>\n\n\n\n<h3 class=\"wp-block-heading\"><strong>En Veracruz Puerto<\/strong><\/h3>\n\n\n\n<p>La sede fue el Hospital Regional de Alta Especialidad de Veracruz, ubicado en la avenida 20 de Noviembre, donde se dieron cita desde temprano los menores con sus tutores.<\/p>\n\n\n\n<p>Los padres de familia consideraron que suministrar el biol\u00f3gico a sus hijos era importante porque les permitir\u00e1 tener un mejor estado de salud en caso de enfermarse de COVID.<\/p>\n\n\n\n<p>Desde tempranas horas los menores de edad acompa\u00f1ados de sus familiares hicieron fila para ser vacunados.<\/p>\n\n\n\n<p>Los pap\u00e1s que acompa\u00f1aron a sus hijos admitieron sentirse m\u00e1s tranquilos de que ellos tambi\u00e9n contar\u00e1n con la protecci\u00f3n contra el coronavirus.<\/p>\n\n\n\n<p>Cabe destacar que el biol\u00f3gico de Pfizer es el autorizado por la Cofepris para inmunizar a menores de edad.<\/p>\n\n\n\n<figure class=\"wp-block-image size-large\"><img loading=\"lazy\" decoding=\"async\" width=\"1024\" height=\"503\" src=\"https:\/\/nvnoticias.mx\/wp-content\/uploads\/2021\/10\/IMG_8034-1024x503.jpg\" alt=\"\" class=\"wp-image-29048\" srcset=\"https:\/\/nvnoticias.mx\/wp-content\/uploads\/2021\/10\/IMG_8034-1024x503.jpg 1024w, https:\/\/nvnoticias.mx\/wp-content\/uploads\/2021\/10\/IMG_8034-300x147.jpg 300w, https:\/\/nvnoticias.mx\/wp-content\/uploads\/2021\/10\/IMG_8034-768x377.jpg 768w, https:\/\/nvnoticias.mx\/wp-content\/uploads\/2021\/10\/IMG_8034.jpg 1389w\" sizes=\"auto, (max-width: 1024px) 100vw, 1024px\" \/><\/figure>\n","protected":false},"excerpt":{"rendered":"<p>Gabriela Rasgado &#8211; Jes\u00fas Utrilla| NV Noticias\u00a0 Xalapa. &#8211; &nbsp;Un total de 9 mil 259 ni\u00f1os y j\u00f3venes de entre 12 y 17 a\u00f1os con comorbilidades est\u00e1n listos para ser vacunados en 28 hospitales, iniciando en 12 municipios, donde se busca vacunar a los primeros 4 mil 416 desde este jueves al viernes 29.&nbsp; Al [&hellip;]<\/p>\n","protected":false},"author":6,"featured_media":29020,"comment_status":"open","ping_status":"open","sticky":false,"template":"","format":"standard","meta":{"_monsterinsights_skip_tracking":false,"_monsterinsights_sitenote_active":false,"_monsterinsights_sitenote_note":"","_monsterinsights_sitenote_category":0,"footnotes":""},"categories":[156],"tags":[175,880,162,217],"class_list":["post-29018","post","type-post","status-publish","format-standard","has-post-thumbnail","hentry","category-estado","tag-covid-19","tag-menores-de-edad","tag-portada","tag-vacuna","wp-image-borders"],"amp_enabled":true,"_links":{"self":[{"href":"https:\/\/nvnoticias.mx\/index.php\/wp-json\/wp\/v2\/posts\/29018","targetHints":{"allow":["GET"]}}],"collection":[{"href":"https:\/\/nvnoticias.mx\/index.php\/wp-json\/wp\/v2\/posts"}],"about":[{"href":"https:\/\/nvnoticias.mx\/index.php\/wp-json\/wp\/v2\/types\/post"}],"author":[{"embeddable":true,"href":"https:\/\/nvnoticias.mx\/index.php\/wp-json\/wp\/v2\/users\/6"}],"replies":[{"embeddable":true,"href":"https:\/\/nvnoticias.mx\/index.php\/wp-json\/wp\/v2\/comments?post=29018"}],"version-history":[{"count":3,"href":"https:\/\/nvnoticias.mx\/index.php\/wp-json\/wp\/v2\/posts\/29018\/revisions"}],"predecessor-version":[{"id":29049,"href":"https:\/\/nvnoticias.mx\/index.php\/wp-json\/wp\/v2\/posts\/29018\/revisions\/29049"}],"wp:featuredmedia":[{"embeddable":true,"href":"https:\/\/nvnoticias.mx\/index.php\/wp-json\/wp\/v2\/media\/29020"}],"wp:attachment":[{"href":"https:\/\/nvnoticias.mx\/index.php\/wp-json\/wp\/v2\/media?parent=29018"}],"wp:term":[{"taxonomy":"category","embeddable":true,"href":"https:\/\/nvnoticias.mx\/index.php\/wp-json\/wp\/v2\/categories?post=29018"},{"taxonomy":"post_tag","embeddable":true,"href":"https:\/\/nvnoticias.mx\/index.php\/wp-json\/wp\/v2\/tags?post=29018"}],"curies":[{"name":"wp","href":"https:\/\/api.w.org\/{rel}","templated":true}]}}