{"id":29001,"date":"2021-10-27T12:27:09","date_gmt":"2021-10-27T17:27:09","guid":{"rendered":"https:\/\/nvnoticias.mx\/?p=29001"},"modified":"2021-11-01T04:45:37","modified_gmt":"2021-11-01T10:45:37","slug":"empresarios-firman-compromiso-por-la-igualdad-laboral","status":"publish","type":"post","link":"https:\/\/nvnoticias.mx\/index.php\/2021\/10\/27\/empresarios-firman-compromiso-por-la-igualdad-laboral\/","title":{"rendered":"Empresarios firman Compromiso por la Igualdad Laboral"},"content":{"rendered":"\n<p><strong>Jes\u00fas&nbsp;Utrilla&nbsp;| NV Noticias<\/strong>&nbsp;<\/p>\n\n\n\n<p>Veracruz. \u2013&nbsp;Organismos empresariales firmaron el Compromiso por la Igualdad Laboral.&nbsp;<\/p>\n\n\n\n<p>Se hizo una revisi\u00f3n de los avances alcanzados luego de la signa del documento en marzo y nuevas agrupaciones empresariales de sumaron al combate de la desigualdad de g\u00e9nero en el contexto econ\u00f3mico, laboral, social y empresarial.&nbsp;<\/p>\n\n\n\n<p>Los integrantes de la iniciativa privada comprometieron a desarrollar acciones encaminadas a construir una sociedad m\u00e1s justa que considere el talento, capacidad y profesionalismo de las mujeres en los diversos \u00f3rdenes de la vida p\u00fablica.&nbsp;<\/p>\n\n\n\n<p>Dentro de los compromisos est\u00e1 impulsar a que cada vez m\u00e1s mujeres formen parte de Consejos de Administraci\u00f3n; establecer protocolos para combatir violencia y acoso sexual en centros de trabajo; propiciar igualdad laboral; impulsar las acciones afirmativas de igualdad de g\u00e9nero; erradicar los&nbsp;p\u00e1neles&nbsp;de participaci\u00f3n exclusiva de varones, entre otros.&nbsp;<\/p>\n\n\n\n<p>La Firma del Compromiso por la Igualdad fue impulsada por la Coparmex nacional y fue respaldada en Veracruz por los diversos organismos.&nbsp;<\/p>\n\n\n\n<p>Se mencion\u00f3 que las empresas con mayor paridad de g\u00e9nero cuentan con mejores m\u00e9tricas financieras que el promedio de sus industrias, por ello con la suma de esfuerzos se pretende generar cambios para que m\u00e1s mujeres en edad trabajar se incorporen al mercado laboral, pero adem\u00e1s reducir la brecha de g\u00e9nero en el \u00e1mbito empresarial.&nbsp;<br>&nbsp;<\/p>\n","protected":false},"excerpt":{"rendered":"<p>Jes\u00fas&nbsp;Utrilla&nbsp;| NV Noticias&nbsp; Veracruz. \u2013&nbsp;Organismos empresariales firmaron el Compromiso por la Igualdad Laboral.&nbsp; Se hizo una revisi\u00f3n de los avances alcanzados luego de la signa del documento en marzo y nuevas agrupaciones empresariales de sumaron al combate de la desigualdad de g\u00e9nero en el contexto econ\u00f3mico, laboral, social y empresarial.&nbsp; Los integrantes de la iniciativa [&hellip;]<\/p>\n","protected":false},"author":6,"featured_media":29004,"comment_status":"open","ping_status":"open","sticky":false,"template":"","format":"standard","meta":{"_monsterinsights_skip_tracking":false,"_monsterinsights_sitenote_active":false,"_monsterinsights_sitenote_note":"","_monsterinsights_sitenote_category":0,"footnotes":""},"categories":[154],"tags":[301,6845],"class_list":["post-29001","post","type-post","status-publish","format-standard","has-post-thumbnail","hentry","category-veracruz","tag-empresarios","tag-igualdad-laboral","wp-image-borders"],"amp_enabled":true,"_links":{"self":[{"href":"https:\/\/nvnoticias.mx\/index.php\/wp-json\/wp\/v2\/posts\/29001","targetHints":{"allow":["GET"]}}],"collection":[{"href":"https:\/\/nvnoticias.mx\/index.php\/wp-json\/wp\/v2\/posts"}],"about":[{"href":"https:\/\/nvnoticias.mx\/index.php\/wp-json\/wp\/v2\/types\/post"}],"author":[{"embeddable":true,"href":"https:\/\/nvnoticias.mx\/index.php\/wp-json\/wp\/v2\/users\/6"}],"replies":[{"embeddable":true,"href":"https:\/\/nvnoticias.mx\/index.php\/wp-json\/wp\/v2\/comments?post=29001"}],"version-history":[{"count":1,"href":"https:\/\/nvnoticias.mx\/index.php\/wp-json\/wp\/v2\/posts\/29001\/revisions"}],"predecessor-version":[{"id":29003,"href":"https:\/\/nvnoticias.mx\/index.php\/wp-json\/wp\/v2\/posts\/29001\/revisions\/29003"}],"wp:featuredmedia":[{"embeddable":true,"href":"https:\/\/nvnoticias.mx\/index.php\/wp-json\/wp\/v2\/media\/29004"}],"wp:attachment":[{"href":"https:\/\/nvnoticias.mx\/index.php\/wp-json\/wp\/v2\/media?parent=29001"}],"wp:term":[{"taxonomy":"category","embeddable":true,"href":"https:\/\/nvnoticias.mx\/index.php\/wp-json\/wp\/v2\/categories?post=29001"},{"taxonomy":"post_tag","embeddable":true,"href":"https:\/\/nvnoticias.mx\/index.php\/wp-json\/wp\/v2\/tags?post=29001"}],"curies":[{"name":"wp","href":"https:\/\/api.w.org\/{rel}","templated":true}]}}