{"id":28949,"date":"2021-10-27T09:47:21","date_gmt":"2021-10-27T14:47:21","guid":{"rendered":"https:\/\/nvnoticias.mx\/?p=28949"},"modified":"2021-10-27T09:47:56","modified_gmt":"2021-10-27T14:47:56","slug":"aseguran-que-con-reforma-electrica-se-fijara-una-sola-tarifa","status":"publish","type":"post","link":"https:\/\/nvnoticias.mx\/index.php\/2021\/10\/27\/aseguran-que-con-reforma-electrica-se-fijara-una-sola-tarifa\/","title":{"rendered":"Aseguran que con reforma el\u00e9ctrica se fijar\u00e1 una sola tarifa en todo M\u00e9xico"},"content":{"rendered":"\n<p>El director general de la Comisi\u00f3n Federal de Electricidad (CFE), Manuel Bartlett, se\u00f1al\u00f3 que con la aprobaci\u00f3n de la iniciativa de reforma constitucional en materia energ\u00e9tica se buscar\u00e1 una tarifa el\u00e9ctrica \u00fanica en todo el territorio nacional, ya con el modelo actual existen existen diferentes costos de la energ\u00eda establecidos por la Comisi\u00f3n Reguladora de Energ\u00eda. <\/p>\n\n\n\n<p>Manuel Bartlett dijo que las diferentes tarifas representan un obst\u00e1culo para el pa\u00eds, ya que hay empresas que buscan instalarse donde las tarifas son m\u00e1s bajas y con esta medida se buscar\u00e1 que en todos los estados se pueda promover la industrializaci\u00f3n.<\/p>\n\n\n\n<blockquote class=\"wp-block-quote is-layout-flow wp-block-quote-is-layout-flow\"><p> \u201cLas tarifas no subir\u00e1n arriba de la inflaci\u00f3n, son tres a\u00f1os de tarifas estables pese a la situaci\u00f3n actual del mercado. Si no se aprueba la reforma, seguiremos manteniendo las tarifas bajas, no hay discusi\u00f3n al respecto, pero esperemos que se apruebe, porque tendremos m\u00e1s instrumentos y espacio para bajar los costos\u201d, se\u00f1al\u00f3 durante su comparecencia en la C\u00e1mara de Diputados. <\/p><\/blockquote>\n\n\n\n<p>Fuente: Milenio<\/p>\n","protected":false},"excerpt":{"rendered":"<p>El director general de la Comisi\u00f3n Federal de Electricidad (CFE), Manuel Bartlett, se\u00f1al\u00f3 que con la aprobaci\u00f3n de la iniciativa de reforma constitucional en materia energ\u00e9tica se buscar\u00e1 una tarifa el\u00e9ctrica \u00fanica en todo el territorio nacional, ya con el modelo actual existen existen diferentes costos de la energ\u00eda establecidos por la Comisi\u00f3n Reguladora de [&hellip;]<\/p>\n","protected":false},"author":35,"featured_media":7296,"comment_status":"open","ping_status":"open","sticky":false,"template":"","format":"standard","meta":{"_monsterinsights_skip_tracking":false,"_monsterinsights_sitenote_active":false,"_monsterinsights_sitenote_note":"","_monsterinsights_sitenote_category":0,"footnotes":""},"categories":[157],"tags":[821,2561,162,1553],"class_list":["post-28949","post","type-post","status-publish","format-standard","has-post-thumbnail","hentry","category-nacional","tag-cfe","tag-manuel-bartlett","tag-portada","tag-reforma-electrica","wp-image-borders"],"amp_enabled":true,"_links":{"self":[{"href":"https:\/\/nvnoticias.mx\/index.php\/wp-json\/wp\/v2\/posts\/28949","targetHints":{"allow":["GET"]}}],"collection":[{"href":"https:\/\/nvnoticias.mx\/index.php\/wp-json\/wp\/v2\/posts"}],"about":[{"href":"https:\/\/nvnoticias.mx\/index.php\/wp-json\/wp\/v2\/types\/post"}],"author":[{"embeddable":true,"href":"https:\/\/nvnoticias.mx\/index.php\/wp-json\/wp\/v2\/users\/35"}],"replies":[{"embeddable":true,"href":"https:\/\/nvnoticias.mx\/index.php\/wp-json\/wp\/v2\/comments?post=28949"}],"version-history":[{"count":2,"href":"https:\/\/nvnoticias.mx\/index.php\/wp-json\/wp\/v2\/posts\/28949\/revisions"}],"predecessor-version":[{"id":28951,"href":"https:\/\/nvnoticias.mx\/index.php\/wp-json\/wp\/v2\/posts\/28949\/revisions\/28951"}],"wp:featuredmedia":[{"embeddable":true,"href":"https:\/\/nvnoticias.mx\/index.php\/wp-json\/wp\/v2\/media\/7296"}],"wp:attachment":[{"href":"https:\/\/nvnoticias.mx\/index.php\/wp-json\/wp\/v2\/media?parent=28949"}],"wp:term":[{"taxonomy":"category","embeddable":true,"href":"https:\/\/nvnoticias.mx\/index.php\/wp-json\/wp\/v2\/categories?post=28949"},{"taxonomy":"post_tag","embeddable":true,"href":"https:\/\/nvnoticias.mx\/index.php\/wp-json\/wp\/v2\/tags?post=28949"}],"curies":[{"name":"wp","href":"https:\/\/api.w.org\/{rel}","templated":true}]}}