{"id":28911,"date":"2021-10-26T13:52:48","date_gmt":"2021-10-26T18:52:48","guid":{"rendered":"https:\/\/nvnoticias.mx\/?p=28911"},"modified":"2021-10-26T14:56:06","modified_gmt":"2021-10-26T19:56:06","slug":"prioritario-preservar-y-promover-la-unidad-entre-empresarios-y-con-todos-los-sectores-de-la-sociedad","status":"publish","type":"post","link":"https:\/\/nvnoticias.mx\/index.php\/2021\/10\/26\/prioritario-preservar-y-promover-la-unidad-entre-empresarios-y-con-todos-los-sectores-de-la-sociedad\/","title":{"rendered":"Prioritario preservar y promover la unidad entre empresarios y con todos los sectores de la sociedad"},"content":{"rendered":"\n<p><strong>Jes\u00fas Utrilla | NV Noticias<\/strong><\/p>\n\n\n\n<p>Veracruz.- Preservar y promover la unidad entre empresarios y con todos los sectores de la sociedad es fundamental para lograr la reactivaci\u00f3n econ\u00f3mica del sureste y el resto del pa\u00eds, coincidieron empresarios regionales al acudir al evento de Toma de Protesta de Edgar Gardu\u00f1o Paz como presidente del Consejo Coordinador Empresarial de Tabasco.<br>\u00a0<br>Los l\u00edderes empresariales de los estados vecinos a Tabasco expresaron su respaldo a Edgar Gardu\u00f1o Paz, y dijeron estar convencidos que su llegada ser\u00e1 un gran factor de unidad para reintegrar y fortalecer al sector empresarial en la entidad.<br>\u00a0<br>Durante su mensaje, el presidente entrante de CCE Tabasco se\u00f1al\u00f3 que una de sus prioridades es establecer una mejor relaci\u00f3n de los empresarios tabasque\u00f1os con los tres \u00f3rdenes de gobierno, y preservar la unidad al interior del sector empresarial. Tambi\u00e9n apunt\u00f3 que el apoyo a las pymes ser\u00e1 uno de sus ejes principales de trabajo.\u00a0<br>\u00a0<br>Carlos Manuel Merino Campos, gobernador de Tabasco, se\u00f1al\u00f3 que es en el sector empresarial donde reside la fuerza para detonar el desarrollo del estado y el pa\u00eds; expres\u00f3, por parte de su gobierno, todo el respaldo a Edgar Gardu\u00f1o al frente de CCET, \u201cla mano tendida y los o\u00eddos muy abiertos\u201d, para escuchar las necesidades del sector empresarial tabasque\u00f1o y hacer equipo con ellos.\u00a0<br>\u00a0<br>Jos\u00e9 Manuel Urreta Ortega, presidente de la Asociaci\u00f3n Nacional de Consejos Empresariales Regionales destac\u00f3 la suma de esfuerzos y el entendimiento que se ha creado entre los representantes empresariales de la regi\u00f3n sur &#8211; sureste del pa\u00eds, lo cual es y seguir\u00e1 siendo determinante para el desarrollo de proyectos econ\u00f3micos y productivos federales.<\/p>\n\n\n\n<blockquote class=\"wp-block-quote is-layout-flow wp-block-quote-is-layout-flow\"><p>\u201cEdgar Gardu\u00f1o cuenta con el respaldo y el apoyo tanto de funcionarios, legisladores y empresarios, no s\u00f3lo de Tabasco sino de toda la regi\u00f3n, quienes reconocemos su visi\u00f3n y el empuje con los cuales llega al cargo, y confiamos en su buen papel al frente del organismo que integra a los distintos sectores econ\u00f3micos y productivos tabasque\u00f1os\u201d, dijo el presidente de ANCER.<\/p><\/blockquote>\n\n\n\n<p><br>V\u00edctor del R\u00edo R de la Gala, presidente del Consejo Coordinador Empresarial de Campeche, manifest\u00f3 su apoyo a Edgar Gardu\u00f1o y se\u00f1al\u00f3 que en la oportunidad de desarrollo hist\u00f3rica que vive la zona sur &#8211; sureste del pa\u00eds, la unidad del sector empresarial es muy importante para detonar el potencial econ\u00f3mico que tienen en com\u00fan los estados de Tabasco y Campeche, como son los de energ\u00eda, agua, turismo, campo o el desarrollo de polos de desarrollo con la llegada del Tren Maya.<br>\u00a0<br>En este sentido, dijo que desde ANCER siempre se ha buscado la uni\u00f3n de los empresarios regionales, para generar juntos las condiciones que les permitan desarrollar esos potenciales.\u00a0\u00a0\u00a0<br>\u00a0<br>Arturo Mar\u00ed Dom\u00ednguez, presidente del CCE Chiapas, le dese\u00f3 \u00e9xito a Edgar Gardu\u00f1o y se\u00f1al\u00f3 que entre Chiapas y Tabasco existen importantes temas comunes en turismo, comercio, desarrollo de proyectos productivos en com\u00fan como los desarrollos de Palenque con el Tren Maya, la zona ganadera de Pichucalco en Chiapas o Teapa en Tabasco.<br>\u00a0<br>Indic\u00f3 que otro tema de inter\u00e9s com\u00fan es la conclusi\u00f3n de la v\u00eda que une Tabasco y Chiapas en el tramo Chontalpa &#8211; Las Choapas a cargo de la SCT, e indic\u00f3 que trabajar\u00e1n juntos para ello, ya que al concluirse mejorar\u00eda el movimiento de personas y mercanc\u00edas, fomentando el turismo y comercio entre los dos estados.<br>\u00a0<br>Cabe destacar que, entre 2022 y 2024 se invertir\u00e1n 25 mil millones de d\u00f3lares para detonar el crecimiento econ\u00f3mico del sureste de M\u00e9xico; adem\u00e1s en lo que va del a\u00f1o, Tabasco ha captado alrededor de 180 millones de d\u00f3lares en inversi\u00f3n extranjera directa, de acuerdo a cifras de la Secretar\u00eda para el Desarrollo Econ\u00f3mico y la Competitividad (SEDEC).<br>\u00a0<br>Durante 2020, Tabasco fue el \u00fanico estado que aument\u00f3 su Indicador Trimestral de la Actividad Econ\u00f3mica Estatal (ITAEE) \u2013equivalente al PIB\u2013, que realiza INEGI, al obtener una tasa anual de 3.4%. La refiner\u00eda es una las razones por las que m\u00e1s empresas quieren llegar al estado y al momento se han creado 19 mil empleos nuevos.<br>\u00a0<br>Los empresarios regionales integrados a ANCER reconocieron la labor de Luis Alberto Rodr\u00edguez Luna, presidente saliente del CCE Tabasco por su gesti\u00f3n al frente del organismo durante los dos \u00faltimos a\u00f1os, y coincidieron al insistir que privilegiar la unidad del sector empresarial de todo el territorio mexicano, sin agendas pol\u00edtico \u2013 partidistas particulares, es determinante para crear las condiciones de crecimiento que exigen las necesidades de la poblaci\u00f3n.<\/p>\n","protected":false},"excerpt":{"rendered":"<p>Jes\u00fas Utrilla | NV Noticias Veracruz.- Preservar y promover la unidad entre empresarios y con todos los sectores de la sociedad es fundamental para lograr la reactivaci\u00f3n econ\u00f3mica del sureste y el resto del pa\u00eds, coincidieron empresarios regionales al acudir al evento de Toma de Protesta de Edgar Gardu\u00f1o Paz como presidente del Consejo Coordinador [&hellip;]<\/p>\n","protected":false},"author":35,"featured_media":28912,"comment_status":"open","ping_status":"open","sticky":false,"template":"","format":"standard","meta":{"_monsterinsights_skip_tracking":false,"_monsterinsights_sitenote_active":false,"_monsterinsights_sitenote_note":"","_monsterinsights_sitenote_category":0,"footnotes":""},"categories":[154],"tags":[301],"class_list":["post-28911","post","type-post","status-publish","format-standard","has-post-thumbnail","hentry","category-veracruz","tag-empresarios","wp-image-borders"],"amp_enabled":true,"_links":{"self":[{"href":"https:\/\/nvnoticias.mx\/index.php\/wp-json\/wp\/v2\/posts\/28911","targetHints":{"allow":["GET"]}}],"collection":[{"href":"https:\/\/nvnoticias.mx\/index.php\/wp-json\/wp\/v2\/posts"}],"about":[{"href":"https:\/\/nvnoticias.mx\/index.php\/wp-json\/wp\/v2\/types\/post"}],"author":[{"embeddable":true,"href":"https:\/\/nvnoticias.mx\/index.php\/wp-json\/wp\/v2\/users\/35"}],"replies":[{"embeddable":true,"href":"https:\/\/nvnoticias.mx\/index.php\/wp-json\/wp\/v2\/comments?post=28911"}],"version-history":[{"count":2,"href":"https:\/\/nvnoticias.mx\/index.php\/wp-json\/wp\/v2\/posts\/28911\/revisions"}],"predecessor-version":[{"id":28918,"href":"https:\/\/nvnoticias.mx\/index.php\/wp-json\/wp\/v2\/posts\/28911\/revisions\/28918"}],"wp:featuredmedia":[{"embeddable":true,"href":"https:\/\/nvnoticias.mx\/index.php\/wp-json\/wp\/v2\/media\/28912"}],"wp:attachment":[{"href":"https:\/\/nvnoticias.mx\/index.php\/wp-json\/wp\/v2\/media?parent=28911"}],"wp:term":[{"taxonomy":"category","embeddable":true,"href":"https:\/\/nvnoticias.mx\/index.php\/wp-json\/wp\/v2\/categories?post=28911"},{"taxonomy":"post_tag","embeddable":true,"href":"https:\/\/nvnoticias.mx\/index.php\/wp-json\/wp\/v2\/tags?post=28911"}],"curies":[{"name":"wp","href":"https:\/\/api.w.org\/{rel}","templated":true}]}}