{"id":28613,"date":"2021-10-24T09:21:47","date_gmt":"2021-10-24T14:21:47","guid":{"rendered":"https:\/\/nvnoticias.mx\/?p=28613"},"modified":"2021-10-24T09:21:48","modified_gmt":"2021-10-24T14:21:48","slug":"por-desempleo-crecio-la-demanda-por-aprender-un-oficio","status":"publish","type":"post","link":"https:\/\/nvnoticias.mx\/index.php\/2021\/10\/24\/por-desempleo-crecio-la-demanda-por-aprender-un-oficio\/","title":{"rendered":"Por desempleo creci\u00f3 la demanda por aprender un oficio"},"content":{"rendered":"\n<p><strong>Jes\u00fas Utrilla | NV Noticias<\/strong><br><\/p>\n\n\n\n<p>Veracruz.- Ante la p\u00e9rdida de empleos, a ra\u00edz de la pandemia, creci\u00f3 la demanda por aprender un oficio, se\u00f1al\u00f3 Francisco Hern\u00e1ndez Garc\u00eda, responsable del CECATI n\u00famero 42.<\/p>\n\n\n\n<p>El Centro de Capacitaci\u00f3n para el Trabajo Industrial (Cecati) atiende cada vez a m\u00e1s personas que buscan autoemplearse y tener dinero. Y es que muchos sufrieron una separaci\u00f3n laboral el a\u00f1o pasado cuando las empresas no pudieron trabajar durante varios meses. Los oficios m\u00e1s demandados son: mec\u00e1nica, soldadura y refrigeraci\u00f3n.<\/p>\n\n\n\n<blockquote class=\"wp-block-quote is-layout-flow wp-block-quote-is-layout-flow\"><p>\u201cLos alumnos ya estaban pidiendo esta gran oportunidad ante las condiciones que se han dado de desempleo, pues hemos recibido llamadas en donde ya quer\u00edan recibir esa instrucci\u00f3n para tener habilidades que pudieran detonar en un autoempleo algo que les pudiera generar ingresos\u201d.<\/p><\/blockquote>\n\n\n\n<p>Desde que el plantel reabri\u00f3 sus puertas, la demanda de alumnos fue alta y atribuy\u00f3 a que las personas busquen aprender las especialidades mencionadas a que les generan ahorros en casa y por el otro pueden autoemplearse ofreciendo el servicio con amigos, vecinos o conocidos. Sin embargo, el plantel ofrece 20 talleres para hombres y mujeres y tiene de manera presencial a 954 alumnos.<\/p>\n\n\n\n<p>Hay m\u00e1s interesados en inscribirse y aprender alguna actividad que les permita obtener recursos sin tener que acudir a una empresa o negocio a solicitar trabajo, por ello mencion\u00f3 que\u00a0 tambi\u00e9n hay clases h\u00edbridas y en l\u00ednea.<br><\/p>\n\n\n\n<blockquote class=\"wp-block-quote is-layout-flow wp-block-quote-is-layout-flow\"><p>\u201cEn la actualidad se ha buscado que las especialidades que requieren de pr\u00e1ctica se realice de manera presencial como son: soldadura, mec\u00e1nica, m\u00e1quinas y herramienta, refrigeraci\u00f3n y aire acondicionado y electricidad. Nuestros planteles est\u00e1n conformados por un 80 por ciento de pr\u00e1ctica y un 20 por ciento te\u00f3rica pero tenemos todas las medidas sanitarias\u201d.<br>Asegur\u00f3 que las clases presenciales se llevan a cabo con los protocolos de sanidad correspondiente.<\/p><\/blockquote>\n\n\n\n<p><br>Cuentan un arco sanitizante, un filtro con toma de temperatura, los maestros tienen kits de higiene y ademas en cada taller se coloc\u00f3 un dispensador de gel, aparte de uno port\u00e1til, para prevenir contagios de COVID. El Centro de Capacitaci\u00f3n para el Trabajo Industrial 42 (Cecati) se ubica en Las Brisas, al norte de la ciudad porte\u00f1a.<\/p>\n","protected":false},"excerpt":{"rendered":"<p>Jes\u00fas Utrilla | NV Noticias Veracruz.- Ante la p\u00e9rdida de empleos, a ra\u00edz de la pandemia, creci\u00f3 la demanda por aprender un oficio, se\u00f1al\u00f3 Francisco Hern\u00e1ndez Garc\u00eda, responsable del CECATI n\u00famero 42. El Centro de Capacitaci\u00f3n para el Trabajo Industrial (Cecati) atiende cada vez a m\u00e1s personas que buscan autoemplearse y tener dinero. Y es [&hellip;]<\/p>\n","protected":false},"author":35,"featured_media":28614,"comment_status":"open","ping_status":"open","sticky":false,"template":"","format":"standard","meta":{"_monsterinsights_skip_tracking":false,"_monsterinsights_sitenote_active":false,"_monsterinsights_sitenote_note":"","_monsterinsights_sitenote_category":0,"footnotes":""},"categories":[154],"tags":[6785,1015,6786,162],"class_list":["post-28613","post","type-post","status-publish","format-standard","has-post-thumbnail","hentry","category-veracruz","tag-cecati","tag-desempleo","tag-oficio","tag-portada","wp-image-borders"],"amp_enabled":true,"_links":{"self":[{"href":"https:\/\/nvnoticias.mx\/index.php\/wp-json\/wp\/v2\/posts\/28613","targetHints":{"allow":["GET"]}}],"collection":[{"href":"https:\/\/nvnoticias.mx\/index.php\/wp-json\/wp\/v2\/posts"}],"about":[{"href":"https:\/\/nvnoticias.mx\/index.php\/wp-json\/wp\/v2\/types\/post"}],"author":[{"embeddable":true,"href":"https:\/\/nvnoticias.mx\/index.php\/wp-json\/wp\/v2\/users\/35"}],"replies":[{"embeddable":true,"href":"https:\/\/nvnoticias.mx\/index.php\/wp-json\/wp\/v2\/comments?post=28613"}],"version-history":[{"count":1,"href":"https:\/\/nvnoticias.mx\/index.php\/wp-json\/wp\/v2\/posts\/28613\/revisions"}],"predecessor-version":[{"id":28615,"href":"https:\/\/nvnoticias.mx\/index.php\/wp-json\/wp\/v2\/posts\/28613\/revisions\/28615"}],"wp:featuredmedia":[{"embeddable":true,"href":"https:\/\/nvnoticias.mx\/index.php\/wp-json\/wp\/v2\/media\/28614"}],"wp:attachment":[{"href":"https:\/\/nvnoticias.mx\/index.php\/wp-json\/wp\/v2\/media?parent=28613"}],"wp:term":[{"taxonomy":"category","embeddable":true,"href":"https:\/\/nvnoticias.mx\/index.php\/wp-json\/wp\/v2\/categories?post=28613"},{"taxonomy":"post_tag","embeddable":true,"href":"https:\/\/nvnoticias.mx\/index.php\/wp-json\/wp\/v2\/tags?post=28613"}],"curies":[{"name":"wp","href":"https:\/\/api.w.org\/{rel}","templated":true}]}}