{"id":28594,"date":"2021-10-23T16:36:59","date_gmt":"2021-10-23T21:36:59","guid":{"rendered":"https:\/\/nvnoticias.mx\/?p=28594"},"modified":"2021-10-23T16:36:59","modified_gmt":"2021-10-23T21:36:59","slug":"conmemoran-el-xlv-aniversario-del-hospital-naval-de-especialidades-de-veracruz","status":"publish","type":"post","link":"https:\/\/nvnoticias.mx\/index.php\/2021\/10\/23\/conmemoran-el-xlv-aniversario-del-hospital-naval-de-especialidades-de-veracruz\/","title":{"rendered":"Conmemoran el XLV aniversario del Hospital Naval de Especialidades de Veracruz"},"content":{"rendered":"\n<p>La Secretar\u00eda de Marina Armada de M\u00e9xico, a trav\u00e9s de la Primera Regi\u00f3n Naval informa que, esta ma\u00f1ana en el marco del \u201cD\u00eda del M\u00e9dico\u201d se realiz\u00f3 la ceremonia y develaci\u00f3n de placa por el XLV Aniversario del Hospital Naval de Especialidades de Veracruz.&nbsp;<\/p>\n\n\n\n<p>La Ceremonia fue presidida por el Almirante Cuerpo General Diplomado de Estado Mayor, Santiago Jorge Morgado G\u00f3mez,&nbsp;Comandante&nbsp;de la Primera Regi\u00f3n Naval, en representaci\u00f3n del Almirante Jos\u00e9 Rafael Ojeda Dur\u00e1n,&nbsp;Secretario&nbsp;de Marina y Alto Mando de la Armada de M\u00e9xico, quien estuvo acompa\u00f1ado del Licenciado Carlos Alberto Su\u00e1rez Gil, Subsecretario de Gobierno del Estado de Veracruz, en representaci\u00f3n del Ingeniero Cuitl\u00e1huac Garc\u00eda Jim\u00e9nez, Gobernador del Estado de Veracruz; adem\u00e1s de autoridades civiles y navales.&nbsp;<\/p>\n\n\n\n<p>Al hacer uso de la palabra, el&nbsp;Comandante&nbsp;de la Primera Regi\u00f3n Naval trasmiti\u00f3 el mensaje del Almirante&nbsp;Secretario&nbsp;de Marina al personal m\u00e9dico, en el cual mencion\u00f3 que \u201csabemos bien que el momento actual no es f\u00e1cil, pero a pesar de ello, las y los m\u00e9dicos navales han redoblado esfuerzos para mantener operando los establecimientos de Sanidad, desde cl\u00ednicas y hospitales, hasta nuestro Centro M\u00e9dico Naval\u201d.&nbsp;<\/p>\n\n\n\n<blockquote class=\"wp-block-quote is-layout-flow wp-block-quote-is-layout-flow\"><p>\u201cHa sido gracias a su disciplina, conocimientos, profesionalismo y voluntad inquebrantable, que el bienestar del personal naval y sus derechohabientes est\u00e1 en buenas manos\u201d, agreg\u00f3.\u00a0<\/p><\/blockquote>\n\n\n\n<p>Durante la develaci\u00f3n de la placa se record\u00f3 que en el Hospital Naval de Especialidades de Veracruz se realizan diferentes tipos de procedimientos quir\u00fargicos y se cuenta con especialidades, subespecialidades y alta especialidad para atenci\u00f3n de los pacientes, adem\u00e1s de participar en la formaci\u00f3n de recursos humanos en materia de salud.&nbsp;<\/p>\n\n\n\n<p>Cabe mencionar que la Sanidad Naval adem\u00e1s de atender a los militares y sus derechohabientes, brinda apoyos a la poblaci\u00f3n civil en casos y zonas de desastre a trav\u00e9s del Plan Marina, en ayuda humanitaria con m\u00e9dicos especializados que se embarcan en los buques de la Armada de M\u00e9xico y actualmente el Hospital Naval de Especialidades de Veracruz se encuentra en apoyo a la pandemia del Covid-19, donde se han atendido aproximadamente 17 mil casos diversos, adem\u00e1s de brindar apoyo al Gobierno del Estado de Veracruz para la vacunaci\u00f3n en la entidad.&nbsp;<\/p>\n\n\n\n<p>Es as\u00ed como la Secretar\u00eda de Marina-Armada de M\u00e9xico se congratula por el aniversario del Hospital Naval de Especialidades de Veracruz, que hoy m\u00e1s que nunca refrenda su compromiso con la salud del personal naval y sus derechohabientes, as\u00ed como de la ciudadan\u00eda en casos y zonas de desastre, sum\u00e1ndose a la lucha para combatir el COVID-19, siempre con el \u00fanico objetivo de Servir a M\u00e9xico.&nbsp;<\/p>\n","protected":false},"excerpt":{"rendered":"<p>La Secretar\u00eda de Marina Armada de M\u00e9xico, a trav\u00e9s de la Primera Regi\u00f3n Naval informa que, esta ma\u00f1ana en el marco del \u201cD\u00eda del M\u00e9dico\u201d se realiz\u00f3 la ceremonia y develaci\u00f3n de placa por el XLV Aniversario del Hospital Naval de Especialidades de Veracruz.&nbsp; La Ceremonia fue presidida por el Almirante Cuerpo General Diplomado de [&hellip;]<\/p>\n","protected":false},"author":6,"featured_media":28595,"comment_status":"open","ping_status":"open","sticky":false,"template":"","format":"standard","meta":{"_monsterinsights_skip_tracking":false,"_monsterinsights_sitenote_active":false,"_monsterinsights_sitenote_note":"","_monsterinsights_sitenote_category":0,"footnotes":""},"categories":[154],"tags":[6255,180],"class_list":["post-28594","post","type-post","status-publish","format-standard","has-post-thumbnail","hentry","category-veracruz","tag-hospital-naval","tag-veracruz","wp-image-borders"],"amp_enabled":true,"_links":{"self":[{"href":"https:\/\/nvnoticias.mx\/index.php\/wp-json\/wp\/v2\/posts\/28594","targetHints":{"allow":["GET"]}}],"collection":[{"href":"https:\/\/nvnoticias.mx\/index.php\/wp-json\/wp\/v2\/posts"}],"about":[{"href":"https:\/\/nvnoticias.mx\/index.php\/wp-json\/wp\/v2\/types\/post"}],"author":[{"embeddable":true,"href":"https:\/\/nvnoticias.mx\/index.php\/wp-json\/wp\/v2\/users\/6"}],"replies":[{"embeddable":true,"href":"https:\/\/nvnoticias.mx\/index.php\/wp-json\/wp\/v2\/comments?post=28594"}],"version-history":[{"count":1,"href":"https:\/\/nvnoticias.mx\/index.php\/wp-json\/wp\/v2\/posts\/28594\/revisions"}],"predecessor-version":[{"id":28596,"href":"https:\/\/nvnoticias.mx\/index.php\/wp-json\/wp\/v2\/posts\/28594\/revisions\/28596"}],"wp:featuredmedia":[{"embeddable":true,"href":"https:\/\/nvnoticias.mx\/index.php\/wp-json\/wp\/v2\/media\/28595"}],"wp:attachment":[{"href":"https:\/\/nvnoticias.mx\/index.php\/wp-json\/wp\/v2\/media?parent=28594"}],"wp:term":[{"taxonomy":"category","embeddable":true,"href":"https:\/\/nvnoticias.mx\/index.php\/wp-json\/wp\/v2\/categories?post=28594"},{"taxonomy":"post_tag","embeddable":true,"href":"https:\/\/nvnoticias.mx\/index.php\/wp-json\/wp\/v2\/tags?post=28594"}],"curies":[{"name":"wp","href":"https:\/\/api.w.org\/{rel}","templated":true}]}}