{"id":28583,"date":"2021-10-23T14:11:39","date_gmt":"2021-10-23T19:11:39","guid":{"rendered":"https:\/\/nvnoticias.mx\/?p=28583"},"modified":"2021-10-23T14:48:38","modified_gmt":"2021-10-23T19:48:38","slug":"sismo-en-veracruz","status":"publish","type":"post","link":"https:\/\/nvnoticias.mx\/index.php\/2021\/10\/23\/sismo-en-veracruz\/","title":{"rendered":"Se registra sismo en Veracruz"},"content":{"rendered":"\n<p>La tarde de este s\u00e1bado se registr\u00f3 un sismo de magnitud 4.0  a 16 km de profundidad, localizado a 15 km al Noroeste de la localidad de Valente D\u00edaz, municipio de Veracruz.<\/p>\n\n\n\n<p>Protecci\u00f3n Civil afirm\u00f3 que se cont\u00f3 con reportes aislados de percepci\u00f3n y sin que se reporte ning\u00fan tipo de afectaci\u00f3n.<\/p>\n\n\n\n<blockquote class=\"twitter-tweet\"><p lang=\"es\" dir=\"ltr\">SISMO Magnitud 4.0 Loc 15 km al NOROESTE de VALENTE DIAZ, VER 23\/10\/21 13:25:35 Lat 19.28 Lon -96.27 Pf 16 km <a href=\"https:\/\/t.co\/vHi22AoDBt\">pic.twitter.com\/vHi22AoDBt<\/a><\/p>\u2014 Sismologico Nacional (@SismologicoMX) <a href=\"https:\/\/twitter.com\/SismologicoMX\/status\/1451983532608217090?ref_src=twsrc%5Etfw\">October 23, 2021<\/a><\/blockquote> <script async=\"\" src=\"https:\/\/platform.twitter.com\/widgets.js\" charset=\"utf-8\"><\/script>\n\n\n\n<p><\/p>\n","protected":false},"excerpt":{"rendered":"<p>La tarde de este s\u00e1bado se registr\u00f3 un sismo de magnitud 4.0 a 16 km de profundidad, localizado a 15 km al Noroeste de la localidad de Valente D\u00edaz, municipio de Veracruz. Protecci\u00f3n Civil afirm\u00f3 que se cont\u00f3 con reportes aislados de percepci\u00f3n y sin que se reporte ning\u00fan tipo de afectaci\u00f3n. SISMO Magnitud 4.0 [&hellip;]<\/p>\n","protected":false},"author":35,"featured_media":28585,"comment_status":"open","ping_status":"open","sticky":false,"template":"","format":"standard","meta":{"_monsterinsights_skip_tracking":false,"_monsterinsights_sitenote_active":false,"_monsterinsights_sitenote_note":"","_monsterinsights_sitenote_category":0,"footnotes":""},"categories":[154],"tags":[162,690],"class_list":["post-28583","post","type-post","status-publish","format-standard","has-post-thumbnail","hentry","category-veracruz","tag-portada","tag-sismo","wp-image-borders"],"amp_enabled":true,"_links":{"self":[{"href":"https:\/\/nvnoticias.mx\/index.php\/wp-json\/wp\/v2\/posts\/28583","targetHints":{"allow":["GET"]}}],"collection":[{"href":"https:\/\/nvnoticias.mx\/index.php\/wp-json\/wp\/v2\/posts"}],"about":[{"href":"https:\/\/nvnoticias.mx\/index.php\/wp-json\/wp\/v2\/types\/post"}],"author":[{"embeddable":true,"href":"https:\/\/nvnoticias.mx\/index.php\/wp-json\/wp\/v2\/users\/35"}],"replies":[{"embeddable":true,"href":"https:\/\/nvnoticias.mx\/index.php\/wp-json\/wp\/v2\/comments?post=28583"}],"version-history":[{"count":5,"href":"https:\/\/nvnoticias.mx\/index.php\/wp-json\/wp\/v2\/posts\/28583\/revisions"}],"predecessor-version":[{"id":28590,"href":"https:\/\/nvnoticias.mx\/index.php\/wp-json\/wp\/v2\/posts\/28583\/revisions\/28590"}],"wp:featuredmedia":[{"embeddable":true,"href":"https:\/\/nvnoticias.mx\/index.php\/wp-json\/wp\/v2\/media\/28585"}],"wp:attachment":[{"href":"https:\/\/nvnoticias.mx\/index.php\/wp-json\/wp\/v2\/media?parent=28583"}],"wp:term":[{"taxonomy":"category","embeddable":true,"href":"https:\/\/nvnoticias.mx\/index.php\/wp-json\/wp\/v2\/categories?post=28583"},{"taxonomy":"post_tag","embeddable":true,"href":"https:\/\/nvnoticias.mx\/index.php\/wp-json\/wp\/v2\/tags?post=28583"}],"curies":[{"name":"wp","href":"https:\/\/api.w.org\/{rel}","templated":true}]}}