{"id":28571,"date":"2021-10-23T11:55:26","date_gmt":"2021-10-23T16:55:26","guid":{"rendered":"https:\/\/nvnoticias.mx\/?p=28571"},"modified":"2021-10-23T11:55:27","modified_gmt":"2021-10-23T16:55:27","slug":"dia-del-medico","status":"publish","type":"post","link":"https:\/\/nvnoticias.mx\/index.php\/2021\/10\/23\/dia-del-medico\/","title":{"rendered":"D\u00eda del M\u00e9dico"},"content":{"rendered":"\n<p>Con la<strong>\u00a0llegada de la pandemia por\u00a0Covid-19<\/strong>, el personal del\u00a0sector salud\u00a0se convirti\u00f3 en la primera l\u00ednea de combate contra esa enfermedad que, a\u00a0<strong>inicios de 2020,\u00a0<\/strong>pr\u00e1cticamente era desconocida en todo el mundo.<\/p>\n\n\n\n<p>Sin contar con un tratamiento y mucho menos el conocimiento del comportamiento de un virus, los m\u00e9dicos y m\u00e9dicas fueron los encargados de atender a los pacientes contagiados por e<strong>l SARS-CoV-2,\u00a0<\/strong>y por\u00a0<strong>arriesgar su vida<\/strong>\u00a0para ello fueron considerados h\u00e9roes.<\/p>\n\n\n\n<p>El d\u00eda de hoy se conmemora el d\u00eda del M\u00e9dico. La labor de los m\u00e9dicos es tit\u00e1nica, implica una gran responsabilidad al tener a su cuidado una vida humana y la constante actualizaci\u00f3n en la medicina.\u00a0<strong>La\u00a0pandemia por Covid-19\u00a0signific\u00f3 para ellos un reto<\/strong>\u00a0que afrontaron con miedos, pero sin titubeos.<\/p>\n\n\n\n<p>Fuente: El sol de Tlaxcala<\/p>\n","protected":false},"excerpt":{"rendered":"<p>Con la\u00a0llegada de la pandemia por\u00a0Covid-19, el personal del\u00a0sector salud\u00a0se convirti\u00f3 en la primera l\u00ednea de combate contra esa enfermedad que, a\u00a0inicios de 2020,\u00a0pr\u00e1cticamente era desconocida en todo el mundo. Sin contar con un tratamiento y mucho menos el conocimiento del comportamiento de un virus, los m\u00e9dicos y m\u00e9dicas fueron los encargados de atender a [&hellip;]<\/p>\n","protected":false},"author":35,"featured_media":19872,"comment_status":"open","ping_status":"open","sticky":false,"template":"","format":"standard","meta":{"_monsterinsights_skip_tracking":false,"_monsterinsights_sitenote_active":false,"_monsterinsights_sitenote_note":"","_monsterinsights_sitenote_category":0,"footnotes":""},"categories":[157],"tags":[1670],"class_list":["post-28571","post","type-post","status-publish","format-standard","has-post-thumbnail","hentry","category-nacional","tag-medico","wp-image-borders"],"amp_enabled":true,"_links":{"self":[{"href":"https:\/\/nvnoticias.mx\/index.php\/wp-json\/wp\/v2\/posts\/28571","targetHints":{"allow":["GET"]}}],"collection":[{"href":"https:\/\/nvnoticias.mx\/index.php\/wp-json\/wp\/v2\/posts"}],"about":[{"href":"https:\/\/nvnoticias.mx\/index.php\/wp-json\/wp\/v2\/types\/post"}],"author":[{"embeddable":true,"href":"https:\/\/nvnoticias.mx\/index.php\/wp-json\/wp\/v2\/users\/35"}],"replies":[{"embeddable":true,"href":"https:\/\/nvnoticias.mx\/index.php\/wp-json\/wp\/v2\/comments?post=28571"}],"version-history":[{"count":1,"href":"https:\/\/nvnoticias.mx\/index.php\/wp-json\/wp\/v2\/posts\/28571\/revisions"}],"predecessor-version":[{"id":28572,"href":"https:\/\/nvnoticias.mx\/index.php\/wp-json\/wp\/v2\/posts\/28571\/revisions\/28572"}],"wp:featuredmedia":[{"embeddable":true,"href":"https:\/\/nvnoticias.mx\/index.php\/wp-json\/wp\/v2\/media\/19872"}],"wp:attachment":[{"href":"https:\/\/nvnoticias.mx\/index.php\/wp-json\/wp\/v2\/media?parent=28571"}],"wp:term":[{"taxonomy":"category","embeddable":true,"href":"https:\/\/nvnoticias.mx\/index.php\/wp-json\/wp\/v2\/categories?post=28571"},{"taxonomy":"post_tag","embeddable":true,"href":"https:\/\/nvnoticias.mx\/index.php\/wp-json\/wp\/v2\/tags?post=28571"}],"curies":[{"name":"wp","href":"https:\/\/api.w.org\/{rel}","templated":true}]}}