{"id":28511,"date":"2021-10-23T09:20:36","date_gmt":"2021-10-23T14:20:36","guid":{"rendered":"https:\/\/nvnoticias.mx\/?p=28511"},"modified":"2021-10-25T20:54:34","modified_gmt":"2021-10-26T01:54:34","slug":"nadie-esta-en-contra-de-la-unam-norona","status":"publish","type":"post","link":"https:\/\/nvnoticias.mx\/index.php\/2021\/10\/23\/nadie-esta-en-contra-de-la-unam-norona\/","title":{"rendered":"&#8220;Nadie est\u00e1 en contra de la UNAM&#8221;: Noro\u00f1a"},"content":{"rendered":"\n<p>Luego de que el presidente\u00a0Andr\u00e9s Manuel L\u00f3pez Obrador (AMLO)recibiera un sin fin de\u00a0cr\u00edticas\u00a0por haber declarado el jueves y viernes, durante su conferencia de prensa ma\u00f1anera, que la\u00a0Universidad Nacional Aut\u00f3noma de M\u00e9xico (UNAM)\u00a0se hab\u00eda\u00a0derechizado\u00a0y hab\u00eda\u00a0perdido su esencia, el diputado perteneciente al\u00a0Partido del Trabajo (PT),\u00a0Gerardo Fern\u00e1ndez Noro\u00f1a, sali\u00f3 a aclarar que\u00a0nadie estaba en contra de la UNAM, sino de su privatizaci\u00f3n \u201csilenciosa\u201d.<\/p>\n\n\n\n<p>Por medio de su cuenta de Twitter, el diputado dijo que est\u00e1 en contra de su derechizaci\u00f3n y de la simulaci\u00f3n que se ha impuesto en las universidades p\u00fablicas de M\u00e9xico.<\/p>\n\n\n\n<figure class=\"wp-block-embed is-type-rich is-provider-twitter wp-block-embed-twitter\"><div class=\"wp-block-embed__wrapper\">\n<blockquote class=\"twitter-tweet\" data-width=\"550\" data-dnt=\"true\"><p lang=\"es\" dir=\"ltr\">Nadie est\u00e1 en contra de la <a href=\"https:\/\/twitter.com\/UNAM_MX?ref_src=twsrc%5Etfw\">@UNAM_MX<\/a>, estamos en contra de su privatizaci\u00f3n silenciosa, de su derechizaci\u00f3n, de la mucha simulaci\u00f3n que se ha impuesto en las universidades p\u00fablicas del pa\u00eds.<\/p>&mdash; Fern\u00e1ndez Noro\u00f1a (@fernandeznorona) <a href=\"https:\/\/twitter.com\/fernandeznorona\/status\/1451868440403324929?ref_src=twsrc%5Etfw\">October 23, 2021<\/a><\/blockquote><script async src=\"https:\/\/platform.twitter.com\/widgets.js\" charset=\"utf-8\"><\/script>\n<\/div><\/figure>\n\n\n\n<p>Y es que el jueves, durante su conferencia de prensa ma\u00f1anera, el presidente L\u00f3pez Obrador declar\u00f3 que el periodo neoliberal en M\u00e9xico afect\u00f3 a las instituciones de educaci\u00f3n superior, entre ellas, la\u00a0UNAM, considerada la m\u00e1xima casa de estudios del pa\u00eds, adem\u00e1s de que \u201cperdi\u00f3 su esencia y se convirti\u00f3 en individualista\u201d.<\/p>\n\n\n\n<p>Fuente: Infobae<\/p>\n","protected":false},"excerpt":{"rendered":"<p>Luego de que el presidente\u00a0Andr\u00e9s Manuel L\u00f3pez Obrador (AMLO)recibiera un sin fin de\u00a0cr\u00edticas\u00a0por haber declarado el jueves y viernes, durante su conferencia de prensa ma\u00f1anera, que la\u00a0Universidad Nacional Aut\u00f3noma de M\u00e9xico (UNAM)\u00a0se hab\u00eda\u00a0derechizado\u00a0y hab\u00eda\u00a0perdido su esencia, el diputado perteneciente al\u00a0Partido del Trabajo (PT),\u00a0Gerardo Fern\u00e1ndez Noro\u00f1a, sali\u00f3 a aclarar que\u00a0nadie estaba en contra de la UNAM, [&hellip;]<\/p>\n","protected":false},"author":6,"featured_media":28514,"comment_status":"open","ping_status":"open","sticky":false,"template":"","format":"standard","meta":{"_monsterinsights_skip_tracking":false,"_monsterinsights_sitenote_active":false,"_monsterinsights_sitenote_note":"","_monsterinsights_sitenote_category":0,"footnotes":""},"categories":[158],"tags":[5233,1889],"class_list":["post-28511","post","type-post","status-publish","format-standard","has-post-thumbnail","hentry","category-politica","tag-fernandez-norona","tag-unam","wp-image-borders"],"amp_enabled":true,"_links":{"self":[{"href":"https:\/\/nvnoticias.mx\/index.php\/wp-json\/wp\/v2\/posts\/28511","targetHints":{"allow":["GET"]}}],"collection":[{"href":"https:\/\/nvnoticias.mx\/index.php\/wp-json\/wp\/v2\/posts"}],"about":[{"href":"https:\/\/nvnoticias.mx\/index.php\/wp-json\/wp\/v2\/types\/post"}],"author":[{"embeddable":true,"href":"https:\/\/nvnoticias.mx\/index.php\/wp-json\/wp\/v2\/users\/6"}],"replies":[{"embeddable":true,"href":"https:\/\/nvnoticias.mx\/index.php\/wp-json\/wp\/v2\/comments?post=28511"}],"version-history":[{"count":1,"href":"https:\/\/nvnoticias.mx\/index.php\/wp-json\/wp\/v2\/posts\/28511\/revisions"}],"predecessor-version":[{"id":28512,"href":"https:\/\/nvnoticias.mx\/index.php\/wp-json\/wp\/v2\/posts\/28511\/revisions\/28512"}],"wp:featuredmedia":[{"embeddable":true,"href":"https:\/\/nvnoticias.mx\/index.php\/wp-json\/wp\/v2\/media\/28514"}],"wp:attachment":[{"href":"https:\/\/nvnoticias.mx\/index.php\/wp-json\/wp\/v2\/media?parent=28511"}],"wp:term":[{"taxonomy":"category","embeddable":true,"href":"https:\/\/nvnoticias.mx\/index.php\/wp-json\/wp\/v2\/categories?post=28511"},{"taxonomy":"post_tag","embeddable":true,"href":"https:\/\/nvnoticias.mx\/index.php\/wp-json\/wp\/v2\/tags?post=28511"}],"curies":[{"name":"wp","href":"https:\/\/api.w.org\/{rel}","templated":true}]}}