{"id":28472,"date":"2021-10-22T14:59:54","date_gmt":"2021-10-22T19:59:54","guid":{"rendered":"https:\/\/nvnoticias.mx\/?p=28472"},"modified":"2021-10-22T14:59:56","modified_gmt":"2021-10-22T19:59:56","slug":"veracruz-trabaja-coordinado-con-la-federacion-para-erradicar-el-analfabetismo-gobernador","status":"publish","type":"post","link":"https:\/\/nvnoticias.mx\/index.php\/2021\/10\/22\/veracruz-trabaja-coordinado-con-la-federacion-para-erradicar-el-analfabetismo-gobernador\/","title":{"rendered":"Veracruz trabaja coordinado con la federaci\u00f3n para erradicar el analfabetismo: gobernador"},"content":{"rendered":"\n<p><strong>Jes\u00fas Utrilla | NV Noticias<\/strong><\/p>\n\n\n\n<p>Veracruz.- Las zonas ind\u00edgenas de Veracruz concentran la mayor parte de analfabetas, sin embargo, en los \u00faltimos tres a\u00f1os se logr\u00f3 que 50 mil personas aprendieran a leer y escribir, afirm\u00f3 el gobernador Cuitl\u00e1huac Garc\u00eda Jim\u00e9nez.<\/p>\n\n\n\n<p>El mandatario se\u00f1al\u00f3 que entre las acciones que se han impulsado para alfabetizar a la poblaci\u00f3n con rezago educativo se encuentra incluir a beneficiarios del programa J\u00f3venes Construyendo Futuro en los programas del INEA en las comunidades ind\u00edgenas para dar clases a quienes lo requiere.<br>El gobernador aprovech\u00f3 para invitar a la Universidad Veracruzana para que destine a j\u00f3venes alumnos que realizan su servicio social a las labores de alfabetizaci\u00f3n.<br>Asimismo, ofreci\u00f3 el apoyo necesario del Gobierno del Estado a las acciones que la administraci\u00f3n federal instruya en este mismo tema.<\/p>\n\n\n\n<blockquote class=\"wp-block-quote is-layout-flow wp-block-quote-is-layout-flow\"><p>\u00a0\u201cAtender a las personas m\u00e1s desfavorecidas no es algo que apenas estemos empezando. Desde el inicio el INEA trabaja con el IVEA para focalizar el esfuerzo en los lugares donde hay pobreza y analfabetismo. Eso nos pone un reto en Veracruz pero vamos avanzando para seguir con la tarea de alfabetizaci\u00f3n\u201d.<\/p><\/blockquote>\n\n\n\n<p>El mandatario estatal agradeci\u00f3 que se tomara en cuenta al estado de Veracruz para llevar a cabo el \u201cMovimiento Nacional por la Alfabetizaci\u00f3n y la Educaci\u00f3n\u201d, pues con las estrategias coordinadas m\u00e1s de 50 mil personas salieron del rezago educativo en los \u00faltimos tres a\u00f1os.<\/p>\n","protected":false},"excerpt":{"rendered":"<p>Jes\u00fas Utrilla | NV Noticias Veracruz.- Las zonas ind\u00edgenas de Veracruz concentran la mayor parte de analfabetas, sin embargo, en los \u00faltimos tres a\u00f1os se logr\u00f3 que 50 mil personas aprendieran a leer y escribir, afirm\u00f3 el gobernador Cuitl\u00e1huac Garc\u00eda Jim\u00e9nez. El mandatario se\u00f1al\u00f3 que entre las acciones que se han impulsado para alfabetizar a [&hellip;]<\/p>\n","protected":false},"author":35,"featured_media":28473,"comment_status":"open","ping_status":"open","sticky":false,"template":"","format":"standard","meta":{"_monsterinsights_skip_tracking":false,"_monsterinsights_sitenote_active":false,"_monsterinsights_sitenote_note":"","_monsterinsights_sitenote_category":0,"footnotes":""},"categories":[154],"tags":[965,271,162],"class_list":["post-28472","post","type-post","status-publish","format-standard","has-post-thumbnail","hentry","category-veracruz","tag-cuitlahuac-garcia-jimenez","tag-gobernador","tag-portada","wp-image-borders"],"amp_enabled":true,"_links":{"self":[{"href":"https:\/\/nvnoticias.mx\/index.php\/wp-json\/wp\/v2\/posts\/28472","targetHints":{"allow":["GET"]}}],"collection":[{"href":"https:\/\/nvnoticias.mx\/index.php\/wp-json\/wp\/v2\/posts"}],"about":[{"href":"https:\/\/nvnoticias.mx\/index.php\/wp-json\/wp\/v2\/types\/post"}],"author":[{"embeddable":true,"href":"https:\/\/nvnoticias.mx\/index.php\/wp-json\/wp\/v2\/users\/35"}],"replies":[{"embeddable":true,"href":"https:\/\/nvnoticias.mx\/index.php\/wp-json\/wp\/v2\/comments?post=28472"}],"version-history":[{"count":1,"href":"https:\/\/nvnoticias.mx\/index.php\/wp-json\/wp\/v2\/posts\/28472\/revisions"}],"predecessor-version":[{"id":28474,"href":"https:\/\/nvnoticias.mx\/index.php\/wp-json\/wp\/v2\/posts\/28472\/revisions\/28474"}],"wp:featuredmedia":[{"embeddable":true,"href":"https:\/\/nvnoticias.mx\/index.php\/wp-json\/wp\/v2\/media\/28473"}],"wp:attachment":[{"href":"https:\/\/nvnoticias.mx\/index.php\/wp-json\/wp\/v2\/media?parent=28472"}],"wp:term":[{"taxonomy":"category","embeddable":true,"href":"https:\/\/nvnoticias.mx\/index.php\/wp-json\/wp\/v2\/categories?post=28472"},{"taxonomy":"post_tag","embeddable":true,"href":"https:\/\/nvnoticias.mx\/index.php\/wp-json\/wp\/v2\/tags?post=28472"}],"curies":[{"name":"wp","href":"https:\/\/api.w.org\/{rel}","templated":true}]}}