{"id":28456,"date":"2021-10-22T12:32:09","date_gmt":"2021-10-22T17:32:09","guid":{"rendered":"https:\/\/nvnoticias.mx\/?p=28456"},"modified":"2021-10-22T15:02:18","modified_gmt":"2021-10-22T20:02:18","slug":"en-el-pais-son-28-millones-de-personas-no-saben-leer-ni-escribir","status":"publish","type":"post","link":"https:\/\/nvnoticias.mx\/index.php\/2021\/10\/22\/en-el-pais-son-28-millones-de-personas-no-saben-leer-ni-escribir\/","title":{"rendered":"En el pa\u00eds son 28 millones de personas que no saben leer ni escribir"},"content":{"rendered":"\n<p><strong>Jes\u00fas&nbsp;Utrilla&nbsp;| NV Noticias<\/strong>&nbsp;<\/p>\n\n\n\n<p>Veracruz. \u2013&nbsp;En M\u00e9xico son 28 millones de personas mayores de 15 a\u00f1os en rezago educativo, se\u00f1al\u00f3 Teresa Guadalupe Reyes&nbsp;Sahagun, directora del Instituto Nacional para la Educaci\u00f3n de los Adultos.&nbsp;<\/p>\n\n\n\n<p>Agreg\u00f3 que de acuerdo al censo 2020 del Instituto Nacional de Estad\u00edstica y Geograf\u00eda dichas personas acabaron la primaria, secundaria o no saben leer ni escribir.&nbsp;<\/p>\n\n\n\n<p>Por ello se estableci\u00f3 un frente nacional contra el analfabetismo y se impulsaron misiones culturales en los estados.&nbsp;<\/p>\n\n\n\n<p>Con la campa\u00f1a se busca erradicar el rezago y se busca que j\u00f3venes y adultos se sumen a las acciones.&nbsp;<\/p>\n\n\n\n<blockquote class=\"wp-block-quote is-layout-flow wp-block-quote-is-layout-flow\"><p>\u201cLa tarea del INEA es atender a todos aquellos que m\u00e1s all\u00e1 de sus edades tienen la imposibilidad de estudiar servicios escolarizaros por ser los m\u00e1s pobres y marginados pero que tambi\u00e9n son los m\u00e1s solidarios porque millones de ellos se pospusieron a s\u00ed mismos para que otros de su familia o comunidad s\u00ed leyeran y escribieran\u201d.&nbsp;<\/p><\/blockquote>\n\n\n\n<p>Al asistir al WTC, al \u201cMovimiento Nacional por la Alfabetizaci\u00f3n y la Educaci\u00f3n\u201d, se\u00f1al\u00f3 que todos trabajan juntos y conf\u00edo que con las directrices y participaci\u00f3n social e institucional se sirva mejor en los procesos educativos.&nbsp;<\/p>\n\n\n\n<blockquote class=\"wp-block-quote is-layout-flow wp-block-quote-is-layout-flow\"><p>\u201cEste a\u00f1o fue emblem\u00e1tico y con significados porque se cumplen 200 a\u00f1os de la consumaci\u00f3n de la Independencia, 100 a\u00f1os de la SEP y 40 a\u00f1os del INEA. Para ser congruentes con las tareas del presente se deben asumir los retos de un nuevo horizonte\u201d.&nbsp;<\/p><\/blockquote>\n\n\n\n<p>Acus\u00f3 que en administraciones pasadas se impuls\u00f3 la privatizaci\u00f3n de la educaci\u00f3n p\u00fablica y se implant\u00f3 una propuesta educativa discriminatoria, competitiva, individualista y aspiracional.&nbsp;<\/p>\n\n\n\n<p>Pero ahora se busca que a toda edad se tengan instrumentos de educaci\u00f3n al alcance.&nbsp;<\/p>\n","protected":false},"excerpt":{"rendered":"<p>Jes\u00fas&nbsp;Utrilla&nbsp;| NV Noticias&nbsp; Veracruz. \u2013&nbsp;En M\u00e9xico son 28 millones de personas mayores de 15 a\u00f1os en rezago educativo, se\u00f1al\u00f3 Teresa Guadalupe Reyes&nbsp;Sahagun, directora del Instituto Nacional para la Educaci\u00f3n de los Adultos.&nbsp; Agreg\u00f3 que de acuerdo al censo 2020 del Instituto Nacional de Estad\u00edstica y Geograf\u00eda dichas personas acabaron la primaria, secundaria o no saben [&hellip;]<\/p>\n","protected":false},"author":6,"featured_media":28476,"comment_status":"open","ping_status":"open","sticky":false,"template":"","format":"standard","meta":{"_monsterinsights_skip_tracking":false,"_monsterinsights_sitenote_active":false,"_monsterinsights_sitenote_note":"","_monsterinsights_sitenote_category":0,"footnotes":""},"categories":[154],"tags":[6765,6764,162],"class_list":["post-28456","post","type-post","status-publish","format-standard","has-post-thumbnail","hentry","category-veracruz","tag-escribir","tag-leer","tag-portada","wp-image-borders"],"amp_enabled":true,"_links":{"self":[{"href":"https:\/\/nvnoticias.mx\/index.php\/wp-json\/wp\/v2\/posts\/28456","targetHints":{"allow":["GET"]}}],"collection":[{"href":"https:\/\/nvnoticias.mx\/index.php\/wp-json\/wp\/v2\/posts"}],"about":[{"href":"https:\/\/nvnoticias.mx\/index.php\/wp-json\/wp\/v2\/types\/post"}],"author":[{"embeddable":true,"href":"https:\/\/nvnoticias.mx\/index.php\/wp-json\/wp\/v2\/users\/6"}],"replies":[{"embeddable":true,"href":"https:\/\/nvnoticias.mx\/index.php\/wp-json\/wp\/v2\/comments?post=28456"}],"version-history":[{"count":2,"href":"https:\/\/nvnoticias.mx\/index.php\/wp-json\/wp\/v2\/posts\/28456\/revisions"}],"predecessor-version":[{"id":28478,"href":"https:\/\/nvnoticias.mx\/index.php\/wp-json\/wp\/v2\/posts\/28456\/revisions\/28478"}],"wp:featuredmedia":[{"embeddable":true,"href":"https:\/\/nvnoticias.mx\/index.php\/wp-json\/wp\/v2\/media\/28476"}],"wp:attachment":[{"href":"https:\/\/nvnoticias.mx\/index.php\/wp-json\/wp\/v2\/media?parent=28456"}],"wp:term":[{"taxonomy":"category","embeddable":true,"href":"https:\/\/nvnoticias.mx\/index.php\/wp-json\/wp\/v2\/categories?post=28456"},{"taxonomy":"post_tag","embeddable":true,"href":"https:\/\/nvnoticias.mx\/index.php\/wp-json\/wp\/v2\/tags?post=28456"}],"curies":[{"name":"wp","href":"https:\/\/api.w.org\/{rel}","templated":true}]}}