{"id":28445,"date":"2021-10-22T11:45:03","date_gmt":"2021-10-22T16:45:03","guid":{"rendered":"https:\/\/nvnoticias.mx\/?p=28445"},"modified":"2021-10-22T11:45:04","modified_gmt":"2021-10-22T16:45:04","slug":"renuda-refineria-de-tula-luego-de-tres-semanas-de-bloqueo","status":"publish","type":"post","link":"https:\/\/nvnoticias.mx\/index.php\/2021\/10\/22\/renuda-refineria-de-tula-luego-de-tres-semanas-de-bloqueo\/","title":{"rendered":"Renuda refiner\u00eda de Tula luego de tres semanas de bloqueo"},"content":{"rendered":"\n<p>La refiner\u00eda de Tula, la segunda mayor de la estatal Petr\u00f3leos Mexicanos (Pemex) reanud\u00f3 sus operaciones hace un par de d\u00edas luego de una parada de tres semanas debido a que una protesta de maestros que bloque\u00f3 v\u00edas le impidiera desalojar combust\u00f3leo de la instalaci\u00f3n, dijo el viernes una fuente de la empresa.<\/p>\n\n\n\n<p>La refiner\u00eda, con una capacidad de 315,000 barriles por d\u00eda (bpd) y ubicada en Hidalgo, proces\u00f3 en agosto unos 146,000 bpd de crudo, en su mayor\u00eda ligero, y ha promediado 153,400 bpd en lo que va de a\u00f1o, seg\u00fan datos oficiales de Pemex.<\/p>\n\n\n\n<p>\u201cTula regres\u00f3 a operar desde el mi\u00e9rcoles\u201d, dijo a Reuters una fuente de la empresa que pidi\u00f3 el anonimato. Pemex no respondi\u00f3 a una consulta de Reuters sobre el tema.<\/p>\n\n\n\n<p>El presidente Andr\u00e9s Manuel L\u00f3pez Obrador respondi\u00f3 el viernes en su conferencia de prensa diaria a una consulta sobre si Tula segu\u00eda parada, a lo que respondi\u00f3 que \u201cno\u201d y que \u201cse produce\u201d.<\/p>\n\n\n\n<p>\u201cNo tenemos el reporte de problemas, a lo mejor es por el combust\u00f3leo, por el bloqueo que hay\u201d, dijo al explicar que la manifestaci\u00f3n de maestros del estado Michoac\u00e1n, por falta de pagos y que bloquearon las v\u00edas, estaba siendo atendida y que se honrar\u00e1n los compromisos pendientes.<\/p>\n\n\n\n<blockquote class=\"wp-block-quote is-layout-flow wp-block-quote-is-layout-flow\"><p>\u201cEso impide que el combust\u00f3leo que se produce en Tula se pueda llevar al puerto de L\u00e1zaro C\u00e1rdenas en Michoac\u00e1n, por tren, entonces como existe este bloque de los maestros que ya se est\u00e1 resolviendo porque decidimos pagarles las quincenas que se les quedaron debiendo\u201d, agreg\u00f3 el mandatario.<\/p><\/blockquote>\n\n\n\n<p>L\u00f3pez Obrador llam\u00f3 a los maestros a que no repitan esas acciones y precis\u00f3 que el combust\u00f3leo de Tula est\u00e1 siendo sacado de la instalaci\u00f3n con camiones.<\/p>\n\n\n\n<p>Fuente: Forbes<\/p>\n","protected":false},"excerpt":{"rendered":"<p>La refiner\u00eda de Tula, la segunda mayor de la estatal Petr\u00f3leos Mexicanos (Pemex) reanud\u00f3 sus operaciones hace un par de d\u00edas luego de una parada de tres semanas debido a que una protesta de maestros que bloque\u00f3 v\u00edas le impidiera desalojar combust\u00f3leo de la instalaci\u00f3n, dijo el viernes una fuente de la empresa. La refiner\u00eda, [&hellip;]<\/p>\n","protected":false},"author":35,"featured_media":14185,"comment_status":"open","ping_status":"open","sticky":false,"template":"","format":"standard","meta":{"_monsterinsights_skip_tracking":false,"_monsterinsights_sitenote_active":false,"_monsterinsights_sitenote_note":"","_monsterinsights_sitenote_category":0,"footnotes":""},"categories":[157],"tags":[2100,5994],"class_list":["post-28445","post","type-post","status-publish","format-standard","has-post-thumbnail","hentry","category-nacional","tag-refineria","tag-tula","wp-image-borders"],"amp_enabled":true,"_links":{"self":[{"href":"https:\/\/nvnoticias.mx\/index.php\/wp-json\/wp\/v2\/posts\/28445","targetHints":{"allow":["GET"]}}],"collection":[{"href":"https:\/\/nvnoticias.mx\/index.php\/wp-json\/wp\/v2\/posts"}],"about":[{"href":"https:\/\/nvnoticias.mx\/index.php\/wp-json\/wp\/v2\/types\/post"}],"author":[{"embeddable":true,"href":"https:\/\/nvnoticias.mx\/index.php\/wp-json\/wp\/v2\/users\/35"}],"replies":[{"embeddable":true,"href":"https:\/\/nvnoticias.mx\/index.php\/wp-json\/wp\/v2\/comments?post=28445"}],"version-history":[{"count":1,"href":"https:\/\/nvnoticias.mx\/index.php\/wp-json\/wp\/v2\/posts\/28445\/revisions"}],"predecessor-version":[{"id":28446,"href":"https:\/\/nvnoticias.mx\/index.php\/wp-json\/wp\/v2\/posts\/28445\/revisions\/28446"}],"wp:featuredmedia":[{"embeddable":true,"href":"https:\/\/nvnoticias.mx\/index.php\/wp-json\/wp\/v2\/media\/14185"}],"wp:attachment":[{"href":"https:\/\/nvnoticias.mx\/index.php\/wp-json\/wp\/v2\/media?parent=28445"}],"wp:term":[{"taxonomy":"category","embeddable":true,"href":"https:\/\/nvnoticias.mx\/index.php\/wp-json\/wp\/v2\/categories?post=28445"},{"taxonomy":"post_tag","embeddable":true,"href":"https:\/\/nvnoticias.mx\/index.php\/wp-json\/wp\/v2\/tags?post=28445"}],"curies":[{"name":"wp","href":"https:\/\/api.w.org\/{rel}","templated":true}]}}