{"id":28372,"date":"2021-10-21T18:43:04","date_gmt":"2021-10-21T23:43:04","guid":{"rendered":"https:\/\/nvnoticias.mx\/?p=28372"},"modified":"2021-10-21T18:43:05","modified_gmt":"2021-10-21T23:43:05","slug":"la-guerra-contra-el-cancer-de-mama-es-una-causa-de-todas-y-todos-imss","status":"publish","type":"post","link":"https:\/\/nvnoticias.mx\/index.php\/2021\/10\/21\/la-guerra-contra-el-cancer-de-mama-es-una-causa-de-todas-y-todos-imss\/","title":{"rendered":"La guerra contra el c\u00e1ncer de mama es una causa de todas y todos: IMSS"},"content":{"rendered":"\n<p>La guerra contra el c\u00e1ncer de mama es una causa de todas y todos, el prop\u00f3sito es incidir en la disminuci\u00f3n de muertes por esta enfermedad derivado del diagn\u00f3stico tard\u00edo y fortalecer a nivel interinstitucional la detecci\u00f3n temprana y la atenci\u00f3n oportuna, se\u00f1al\u00f3 el director general del Instituto Mexicano del Seguro Social (IMSS), maestro Zo\u00e9 Robledo.<\/p>\n\n\n\n<p>Al inaugurar la 1\u00aa Cumbre Internacional \u201cMi Lucha es Rosa 2021\u201d, organizada por Fundaci\u00f3n IMSS y que se realiza de manera virtual el 21 y 22 de octubre en la p\u00e1gina <a href=\"http:\/\/fimssrosa2021.mx\/\">http:\/\/fimssrosa2021.mx\/<\/a>, destac\u00f3 que este congreso es una muestra de humanismo, fraternidad y corresponsabilidad en la lucha contra esta enfermedad, primera causa de muerte por c\u00e1ncer en mujeres de 25 a\u00f1os o m\u00e1s.<\/p>\n\n\n\n<p>Zo\u00e9 Robledo destac\u00f3 que Fundaci\u00f3n IMSS desarrolla acciones de educaci\u00f3n y formaci\u00f3n continua para personal de salud, proyectos de participaci\u00f3n social como talleres de autoexploraci\u00f3n y el taller \u201cLuzca bien y si\u00e9ntase mejor\u201d, con el apoyo de la C\u00e1mara Nacional de la Industria de Productos Cosm\u00e9ticos, as\u00ed como mastograf\u00edas y activaciones con el Voluntariado del Instituto.<\/p>\n\n\n\n<blockquote class=\"wp-block-quote is-layout-flow wp-block-quote-is-layout-flow\"><p>\u201cTambi\u00e9n fundamental resulta el apoyo a pacientes con c\u00e1ncer a trav\u00e9s de donativos en especies de mangas oncol\u00f3gicas, pr\u00f3tesis de mama, pelucas oncol\u00f3gicas y equipamiento hospitalario, como lo son los mast\u00f3grafos y las sillas cama de acompa\u00f1amiento\u201d, apunt\u00f3.<\/p><\/blockquote>\n\n\n\n<p>En su oportunidad, la doctora C\u00e9lida Duque Molina, directora de Prestaciones M\u00e9dicas del IMSS, se\u00f1al\u00f3 que la lucha contra el c\u00e1ncer de mama es un trabajo de todos los d\u00edas, m\u00e1s all\u00e1 de este mes de sensibilizaci\u00f3n, pues en el IMSS se tienen a m\u00e1s de 20 millones de mujeres en el grupo etareo que es susceptible de recibir exploraci\u00f3n cl\u00ednica, mastograf\u00edas, ultrasonidos y biopsias.<\/p>\n\n\n\n<p>Dijo que esta 1\u00aa Cumbre Internacional \u201ces una punta de lanza para continuar con estas acciones todo el a\u00f1o\u201d, porque la atenci\u00f3n a la pandemia por COVID-19 trajo una disminuci\u00f3n de las atenciones preventivas, por lo cual se impulsan detecciones en las Unidades de Medicina Familiar y Unidades de Detecci\u00f3n y Diagn\u00f3stico de C\u00e1ncer de Mama.<\/p>\n\n\n\n<p>Por su parte, el doctor Romeo Rodr\u00edguez Su\u00e1rez, presidente ejecutivo de Fundaci\u00f3n IMSS, detall\u00f3 que para dar seguimiento a las mujeres que participaron en este congreso, y en particular a quienes no tienen c\u00e1ncer, se estableci\u00f3 una alianza con fundaciones que apoyar\u00e1n con el seguimiento y atenci\u00f3n a los factores de riesgo para desarrollar la enfermedad.<\/p>\n\n\n\n<p>En tanto, la directora general de Fundaci\u00f3n IMSS, maestra Ana L\u00eda de F\u00e1tima Garc\u00eda Garc\u00eda, detall\u00f3 que durante los siguientes dos d\u00edas se desarrollar\u00e1n una serie de conferencias para tomar conciencia sobre el c\u00e1ncer de mama, y agradeci\u00f3 el apoyo de aliados estrat\u00e9gicos y al personal de Fundaci\u00f3n IMSS que estar\u00e1 pendiente para resolver dudas.<\/p>\n\n\n\n<p>Tambi\u00e9n hizo la invitaci\u00f3n para calificar los contenidos digitales \u201cLazo Rosa\u201d en la plataforma TikTok, dentro de las redes sociales de la Fundaci\u00f3n IMSS.<\/p>\n\n\n\n<p>En su intervenci\u00f3n, el doctor Alejandro Valenzuela del R\u00edo, presidente del Consejo Directivo de Fundaci\u00f3n IMSS, se\u00f1al\u00f3 que esta convocatoria es de la mayor trascendencia para la vida de las mujeres, ya que con un diagn\u00f3stico oportuno el 93 por ciento de los casos es curable; \u201ctenemos las herramientas y las capacidades para atacar frontalmente esta enfermedad\u201d.<\/p>\n\n\n\n<p>Durante la 1\u00aa Cumbre Internacional \u201cMi lucha es rosa 2021\u201d especialistas nacionales e internacionales expondr\u00e1n diversos temas para brindar informaci\u00f3n y herramientas actualizadas al personal de salud del Primer Nivel de atenci\u00f3n: m\u00e9dicos familiares, residentes, pasantes y enfermer\u00eda, as\u00ed como personas interesadas en temas relacionados al c\u00e1ncer de mama.<\/p>\n\n\n\n<p>Se abordar\u00e1n conferencias sobre el panorama epidemiol\u00f3gico, prevenci\u00f3n de factores de riesgo, detecci\u00f3n temprana, derivaci\u00f3n oportuna, coadyuvantes en el tratamiento, c\u00e1ncer de mama y comorbilidades y avances cient\u00edficos para el tratamiento oncol\u00f3gico.<\/p>\n\n\n\n<p>Adem\u00e1s, se expondr\u00e1n los avances, experiencias exitosas y la atenci\u00f3n diagn\u00f3stica y m\u00e9dica en tiempos de la pandemia por COVID-19.<\/p>\n","protected":false},"excerpt":{"rendered":"<p>La guerra contra el c\u00e1ncer de mama es una causa de todas y todos, el prop\u00f3sito es incidir en la disminuci\u00f3n de muertes por esta enfermedad derivado del diagn\u00f3stico tard\u00edo y fortalecer a nivel interinstitucional la detecci\u00f3n temprana y la atenci\u00f3n oportuna, se\u00f1al\u00f3 el director general del Instituto Mexicano del Seguro Social (IMSS), maestro Zo\u00e9 [&hellip;]<\/p>\n","protected":false},"author":7,"featured_media":28373,"comment_status":"open","ping_status":"open","sticky":false,"template":"","format":"standard","meta":{"_monsterinsights_skip_tracking":false,"_monsterinsights_sitenote_active":false,"_monsterinsights_sitenote_note":"","_monsterinsights_sitenote_category":0,"footnotes":""},"categories":[157],"tags":[4971,365,5451],"class_list":["post-28372","post","type-post","status-publish","format-standard","has-post-thumbnail","hentry","category-nacional","tag-cancer-de-mama","tag-imss","tag-zoe-robledo-2","wp-image-borders"],"amp_enabled":true,"_links":{"self":[{"href":"https:\/\/nvnoticias.mx\/index.php\/wp-json\/wp\/v2\/posts\/28372","targetHints":{"allow":["GET"]}}],"collection":[{"href":"https:\/\/nvnoticias.mx\/index.php\/wp-json\/wp\/v2\/posts"}],"about":[{"href":"https:\/\/nvnoticias.mx\/index.php\/wp-json\/wp\/v2\/types\/post"}],"author":[{"embeddable":true,"href":"https:\/\/nvnoticias.mx\/index.php\/wp-json\/wp\/v2\/users\/7"}],"replies":[{"embeddable":true,"href":"https:\/\/nvnoticias.mx\/index.php\/wp-json\/wp\/v2\/comments?post=28372"}],"version-history":[{"count":1,"href":"https:\/\/nvnoticias.mx\/index.php\/wp-json\/wp\/v2\/posts\/28372\/revisions"}],"predecessor-version":[{"id":28374,"href":"https:\/\/nvnoticias.mx\/index.php\/wp-json\/wp\/v2\/posts\/28372\/revisions\/28374"}],"wp:featuredmedia":[{"embeddable":true,"href":"https:\/\/nvnoticias.mx\/index.php\/wp-json\/wp\/v2\/media\/28373"}],"wp:attachment":[{"href":"https:\/\/nvnoticias.mx\/index.php\/wp-json\/wp\/v2\/media?parent=28372"}],"wp:term":[{"taxonomy":"category","embeddable":true,"href":"https:\/\/nvnoticias.mx\/index.php\/wp-json\/wp\/v2\/categories?post=28372"},{"taxonomy":"post_tag","embeddable":true,"href":"https:\/\/nvnoticias.mx\/index.php\/wp-json\/wp\/v2\/tags?post=28372"}],"curies":[{"name":"wp","href":"https:\/\/api.w.org\/{rel}","templated":true}]}}