{"id":28359,"date":"2021-10-21T15:50:53","date_gmt":"2021-10-21T20:50:53","guid":{"rendered":"https:\/\/nvnoticias.mx\/?p=28359"},"modified":"2021-10-21T16:52:52","modified_gmt":"2021-10-21T21:52:52","slug":"rinde-protesta-leonel-perez-herrera-secretario-general-de-la-ctm","status":"publish","type":"post","link":"https:\/\/nvnoticias.mx\/index.php\/2021\/10\/21\/rinde-protesta-leonel-perez-herrera-secretario-general-de-la-ctm\/","title":{"rendered":"Rinde protesta Leonel P\u00e9rez Herrera como secretario general de la CTM"},"content":{"rendered":"\n<p><strong>Jes\u00fas&nbsp;Utrilla&nbsp;| NV Noticias<\/strong>&nbsp;<\/p>\n\n\n\n<p>Veracruz. \u2013\u00a0Leonel P\u00e9rez Herrera rindi\u00f3 protesta como secretario general de la CTM en la Delegaci\u00f3n Veracruz.\u00a0<\/p>\n\n\n\n<p>En un evento al que asistieron representantes de 80 sindicatos, fue ratificado el nuevo Comit\u00e9 de la CTM, delegaci\u00f3n regional Veracruz.&nbsp;<\/p>\n\n\n\n<p>Con ello, Jos\u00e9 Luis Lagunes Morales dej\u00f3 el puesto que ocup\u00f3 por m\u00e1s de 13 a\u00f1os.&nbsp;<\/p>\n\n\n\n<p>P\u00e9rez Hern\u00e1ndez dijo que los diferentes gremios trabajar\u00e1n unidos para poder salir adelante de las repercusiones que gener\u00f3 entre los trabajadores la emergencia sanitaria del coronavirus.<\/p>\n\n\n\n<blockquote class=\"wp-block-quote is-layout-flow wp-block-quote-is-layout-flow\"><p>\u00a0\u201cEs un nuevo comit\u00e9 que estamos fortaleciendo con la nueva plantilla. Estamos en un momento de cambios que debemos afrontar todas las organizaciones sindicales. Tenemos una responsabilidad amplia por afrontar el cambio que se viene para todas las organizaciones\u201d.\u00a0<\/p><\/blockquote>\n\n\n\n<p>El nuevo&nbsp;Secretario General&nbsp;de la CTM insisti\u00f3 en que solamente trabajando coordinados se podr\u00e1 tener una pronta recuperaci\u00f3n en el sector laboral.&nbsp;<\/p>\n\n\n\n<blockquote class=\"wp-block-quote is-layout-flow wp-block-quote-is-layout-flow\"><p>\u201cDebemos eliminar las estrategias del pasado. Lo m\u00e1s importante es que estamos unido y mientras haya unidad lo dem\u00e1s se ir\u00e1 dando. Tenemos una empat\u00eda todas las organizaciones porque somos de diferentes industrias y\u00a0rubros\u00a0pero tenemos unidad que es lo que nos hace sobresalir\u201d.\u00a0<\/p><\/blockquote>\n\n\n\n<p>El evento se realiz\u00f3 en la ciudad de Veracruz donde se llev\u00f3 a cabo la ratificaci\u00f3n de la plantilla de unidad.<\/p>\n","protected":false},"excerpt":{"rendered":"<p>Jes\u00fas&nbsp;Utrilla&nbsp;| NV Noticias&nbsp; Veracruz. \u2013\u00a0Leonel P\u00e9rez Herrera rindi\u00f3 protesta como secretario general de la CTM en la Delegaci\u00f3n Veracruz.\u00a0 En un evento al que asistieron representantes de 80 sindicatos, fue ratificado el nuevo Comit\u00e9 de la CTM, delegaci\u00f3n regional Veracruz.&nbsp; Con ello, Jos\u00e9 Luis Lagunes Morales dej\u00f3 el puesto que ocup\u00f3 por m\u00e1s de 13 [&hellip;]<\/p>\n","protected":false},"author":6,"featured_media":28361,"comment_status":"open","ping_status":"open","sticky":false,"template":"","format":"standard","meta":{"_monsterinsights_skip_tracking":false,"_monsterinsights_sitenote_active":false,"_monsterinsights_sitenote_note":"","_monsterinsights_sitenote_category":0,"footnotes":""},"categories":[154],"tags":[2097,6744],"class_list":["post-28359","post","type-post","status-publish","format-standard","has-post-thumbnail","hentry","category-veracruz","tag-ctm","tag-leonel-perez-hernandez","wp-image-borders"],"amp_enabled":true,"_links":{"self":[{"href":"https:\/\/nvnoticias.mx\/index.php\/wp-json\/wp\/v2\/posts\/28359","targetHints":{"allow":["GET"]}}],"collection":[{"href":"https:\/\/nvnoticias.mx\/index.php\/wp-json\/wp\/v2\/posts"}],"about":[{"href":"https:\/\/nvnoticias.mx\/index.php\/wp-json\/wp\/v2\/types\/post"}],"author":[{"embeddable":true,"href":"https:\/\/nvnoticias.mx\/index.php\/wp-json\/wp\/v2\/users\/6"}],"replies":[{"embeddable":true,"href":"https:\/\/nvnoticias.mx\/index.php\/wp-json\/wp\/v2\/comments?post=28359"}],"version-history":[{"count":2,"href":"https:\/\/nvnoticias.mx\/index.php\/wp-json\/wp\/v2\/posts\/28359\/revisions"}],"predecessor-version":[{"id":28362,"href":"https:\/\/nvnoticias.mx\/index.php\/wp-json\/wp\/v2\/posts\/28359\/revisions\/28362"}],"wp:featuredmedia":[{"embeddable":true,"href":"https:\/\/nvnoticias.mx\/index.php\/wp-json\/wp\/v2\/media\/28361"}],"wp:attachment":[{"href":"https:\/\/nvnoticias.mx\/index.php\/wp-json\/wp\/v2\/media?parent=28359"}],"wp:term":[{"taxonomy":"category","embeddable":true,"href":"https:\/\/nvnoticias.mx\/index.php\/wp-json\/wp\/v2\/categories?post=28359"},{"taxonomy":"post_tag","embeddable":true,"href":"https:\/\/nvnoticias.mx\/index.php\/wp-json\/wp\/v2\/tags?post=28359"}],"curies":[{"name":"wp","href":"https:\/\/api.w.org\/{rel}","templated":true}]}}