{"id":28290,"date":"2021-10-21T10:55:11","date_gmt":"2021-10-21T15:55:11","guid":{"rendered":"https:\/\/nvnoticias.mx\/?p=28290"},"modified":"2021-10-21T10:55:12","modified_gmt":"2021-10-21T15:55:12","slug":"invita-ine-a-participar-en-la-consulta-infantil-y-juvenil-2021","status":"publish","type":"post","link":"https:\/\/nvnoticias.mx\/index.php\/2021\/10\/21\/invita-ine-a-participar-en-la-consulta-infantil-y-juvenil-2021\/","title":{"rendered":"Invita INE a participar en la Consulta Infantil y Juvenil 2021"},"content":{"rendered":"\n<p><strong>Jes\u00fas&nbsp;Utrilla&nbsp;| NV Noticias<\/strong>&nbsp;<\/p>\n\n\n\n<p>Veracruz. \u2013&nbsp;&nbsp;La Junta&nbsp;Distrital Ejecutiva n\u00famero 4 del Instituto Nacional Electoral invit\u00f3 a ni\u00f1as, ni\u00f1os y adolescentes a participar en la Consulta Infantil y Juvenil 2021, que se llevar\u00e1 a cabo durante noviembre y en espacios escolares e itinerantes del 16 al 22.&nbsp;&nbsp;<\/p>\n\n\n\n<p>Elvitz&nbsp;Berm\u00fadez Guti\u00e9rrez, Vocal de Capacitaci\u00f3n Electoral y Educaci\u00f3n C\u00edvica de la 04 Junta Distrital Ejecutiva, dijo que el objetivo es garantizar el derecho que tienen las ni\u00f1as, ni\u00f1os y adolescentes a expresar su opini\u00f3n y generar un espacio de participaci\u00f3n y reflexi\u00f3n, que permita identificar agendas p\u00fablicas de atenci\u00f3n, para dise\u00f1ar pol\u00edticas dirigidas a solventar las inquietudes y problem\u00e1ticas que manifiesten los menores.&nbsp;&nbsp;<\/p>\n\n\n\n<p>La consulta se llevar\u00e1 a cabo en modalidad mixta, es decir, virtual y presencial, buscando que la mayor parte de la participaci\u00f3n se realice en modalidad virtual; esto es, a trav\u00e9s de una plataforma inform\u00e1tica que dar\u00e1 acceso a las boletas a trav\u00e9s de cualquier dispositivo con conexi\u00f3n a internet.&nbsp;&nbsp;<\/p>\n\n\n\n<p>La CIJ se realizar\u00e1 en un contexto de emergencia sanitaria, por lo que es importante resaltar que, para las casillas instaladas de manera f\u00edsica se garantizar\u00e1n las medidas sanitarias por la Secretar\u00eda de Salud, necesarias para minimizar el riesgo de contagio y propagaci\u00f3n del virus: uso cubrebocas y mantener la sana distancia, la desinfecci\u00f3n de los dispositivos electr\u00f3nicos despu\u00e9s de cada uso, as\u00ed como la limpieza constante de superficies.&nbsp;&nbsp;<\/p>\n\n\n\n<p>Se est\u00e1 convocando a participar a ni\u00f1as, ni\u00f1os y adolescentes entre 3 y 17 a\u00f1os de edad, y en esta edici\u00f3n se realizar\u00e1 por primera vez el uso de boletas con cuestionario para la categor\u00eda de 3 a 5 a\u00f1os.&nbsp;<\/p>\n","protected":false},"excerpt":{"rendered":"<p>Jes\u00fas&nbsp;Utrilla&nbsp;| NV Noticias&nbsp; Veracruz. \u2013&nbsp;&nbsp;La Junta&nbsp;Distrital Ejecutiva n\u00famero 4 del Instituto Nacional Electoral invit\u00f3 a ni\u00f1as, ni\u00f1os y adolescentes a participar en la Consulta Infantil y Juvenil 2021, que se llevar\u00e1 a cabo durante noviembre y en espacios escolares e itinerantes del 16 al 22.&nbsp;&nbsp; Elvitz&nbsp;Berm\u00fadez Guti\u00e9rrez, Vocal de Capacitaci\u00f3n Electoral y Educaci\u00f3n C\u00edvica de [&hellip;]<\/p>\n","protected":false},"author":6,"featured_media":28291,"comment_status":"open","ping_status":"open","sticky":false,"template":"","format":"standard","meta":{"_monsterinsights_skip_tracking":false,"_monsterinsights_sitenote_active":false,"_monsterinsights_sitenote_note":"","_monsterinsights_sitenote_category":0,"footnotes":""},"categories":[154],"tags":[6724,443],"class_list":["post-28290","post","type-post","status-publish","format-standard","has-post-thumbnail","hentry","category-veracruz","tag-consulta-infantil-y-juvenil-2021","tag-ine","wp-image-borders"],"amp_enabled":true,"_links":{"self":[{"href":"https:\/\/nvnoticias.mx\/index.php\/wp-json\/wp\/v2\/posts\/28290","targetHints":{"allow":["GET"]}}],"collection":[{"href":"https:\/\/nvnoticias.mx\/index.php\/wp-json\/wp\/v2\/posts"}],"about":[{"href":"https:\/\/nvnoticias.mx\/index.php\/wp-json\/wp\/v2\/types\/post"}],"author":[{"embeddable":true,"href":"https:\/\/nvnoticias.mx\/index.php\/wp-json\/wp\/v2\/users\/6"}],"replies":[{"embeddable":true,"href":"https:\/\/nvnoticias.mx\/index.php\/wp-json\/wp\/v2\/comments?post=28290"}],"version-history":[{"count":1,"href":"https:\/\/nvnoticias.mx\/index.php\/wp-json\/wp\/v2\/posts\/28290\/revisions"}],"predecessor-version":[{"id":28292,"href":"https:\/\/nvnoticias.mx\/index.php\/wp-json\/wp\/v2\/posts\/28290\/revisions\/28292"}],"wp:featuredmedia":[{"embeddable":true,"href":"https:\/\/nvnoticias.mx\/index.php\/wp-json\/wp\/v2\/media\/28291"}],"wp:attachment":[{"href":"https:\/\/nvnoticias.mx\/index.php\/wp-json\/wp\/v2\/media?parent=28290"}],"wp:term":[{"taxonomy":"category","embeddable":true,"href":"https:\/\/nvnoticias.mx\/index.php\/wp-json\/wp\/v2\/categories?post=28290"},{"taxonomy":"post_tag","embeddable":true,"href":"https:\/\/nvnoticias.mx\/index.php\/wp-json\/wp\/v2\/tags?post=28290"}],"curies":[{"name":"wp","href":"https:\/\/api.w.org\/{rel}","templated":true}]}}