{"id":28215,"date":"2021-10-20T12:07:05","date_gmt":"2021-10-20T17:07:05","guid":{"rendered":"https:\/\/nvnoticias.mx\/?p=28215"},"modified":"2021-10-20T12:07:06","modified_gmt":"2021-10-20T17:07:06","slug":"pef-no-impulsara-el-desarrollo-del-campo","status":"publish","type":"post","link":"https:\/\/nvnoticias.mx\/index.php\/2021\/10\/20\/pef-no-impulsara-el-desarrollo-del-campo\/","title":{"rendered":"PEF no impulsar\u00e1 el desarrollo del campo y Ley de Ingresos perjudicar\u00e1 a productores"},"content":{"rendered":"\n<p><strong>Jes\u00fas&nbsp;Utrilla&nbsp;| NV Noticias<\/strong>&nbsp;<\/p>\n\n\n\n<p>Veracruz. \u2013\u00a0 El campo redujo su producci\u00f3n en 23 por ciento de 2018 a la fecha y el Presupuesto de Egresos de la Federaci\u00f3n (PEF) 2022 no permitir\u00e1 elevar su competitividad, se\u00f1al\u00f3 Luis G\u00f3mez Garay, dirigente nacional de la UGOCP.\u00a0<\/p>\n\n\n\n<p>Explic\u00f3 que solo 362 mil 546 millones de pesos ser\u00e1n para el Presupuesto Especial Concurrente (presupuesto para el campo) lo que representa 5.11 por ciento del presupuesto global del pa\u00eds.&nbsp;<\/p>\n\n\n\n<p>Aunado a ello solo 0.5 por ciento ser\u00e1 para el impulso productivo.&nbsp;<\/p>\n\n\n\n<p>Por su&nbsp;parte en&nbsp;la Ley de Ingresos el 65 por ciento de los recursos se conseguir\u00e1 a partir de impuestos por lo que todos estar\u00e1n obligados a tributar.&nbsp;<\/p>\n\n\n\n<p>Integrantes de la UGOCP se reunieron con la Junta de Coordinaci\u00f3n Pol\u00edtica del Congreso Federal para plantear dos inquietudes.&nbsp;<\/p>\n\n\n\n<p>Tr\u00e1mite de RFC para j\u00f3venes rurales, pues son los que mejores oportunidades de desarrollo tienen en el pa\u00eds y tendr\u00e1n obligaciones que posiblemente no cumplan.&nbsp;<\/p>\n\n\n\n<p>Cambio de r\u00e9gimen fiscal de productores, pues perder\u00e1n beneficios como asociarse para comercializar mejor.&nbsp;<\/p>\n\n\n\n<blockquote class=\"wp-block-quote is-layout-flow wp-block-quote-is-layout-flow\"><p>\u201cEn la nueva Ley de Ingresos se les castiga en la pr\u00e1ctica para asociarse porque tendr\u00e1n otro tipo de tributaci\u00f3n\u201d.\u00a0<\/p><\/blockquote>\n\n\n\n<p>La organizaci\u00f3n campesina demand\u00f3 una visi\u00f3n estrat\u00e9gica que permita un presupuesto adecuado para el desarrollo social y productivo de las comunidades rurales.<\/p>\n","protected":false},"excerpt":{"rendered":"<p>Jes\u00fas&nbsp;Utrilla&nbsp;| NV Noticias&nbsp; Veracruz. \u2013\u00a0 El campo redujo su producci\u00f3n en 23 por ciento de 2018 a la fecha y el Presupuesto de Egresos de la Federaci\u00f3n (PEF) 2022 no permitir\u00e1 elevar su competitividad, se\u00f1al\u00f3 Luis G\u00f3mez Garay, dirigente nacional de la UGOCP.\u00a0 Explic\u00f3 que solo 362 mil 546 millones de pesos ser\u00e1n para el [&hellip;]<\/p>\n","protected":false},"author":6,"featured_media":28217,"comment_status":"open","ping_status":"open","sticky":false,"template":"","format":"standard","meta":{"_monsterinsights_skip_tracking":false,"_monsterinsights_sitenote_active":false,"_monsterinsights_sitenote_note":"","_monsterinsights_sitenote_category":0,"footnotes":""},"categories":[154],"tags":[6707,6535,6262],"class_list":["post-28215","post","type-post","status-publish","format-standard","has-post-thumbnail","hentry","category-veracruz","tag-desarrollo-del-campo","tag-ley-de-ingresos","tag-pef-2022","wp-image-borders"],"amp_enabled":true,"_links":{"self":[{"href":"https:\/\/nvnoticias.mx\/index.php\/wp-json\/wp\/v2\/posts\/28215","targetHints":{"allow":["GET"]}}],"collection":[{"href":"https:\/\/nvnoticias.mx\/index.php\/wp-json\/wp\/v2\/posts"}],"about":[{"href":"https:\/\/nvnoticias.mx\/index.php\/wp-json\/wp\/v2\/types\/post"}],"author":[{"embeddable":true,"href":"https:\/\/nvnoticias.mx\/index.php\/wp-json\/wp\/v2\/users\/6"}],"replies":[{"embeddable":true,"href":"https:\/\/nvnoticias.mx\/index.php\/wp-json\/wp\/v2\/comments?post=28215"}],"version-history":[{"count":1,"href":"https:\/\/nvnoticias.mx\/index.php\/wp-json\/wp\/v2\/posts\/28215\/revisions"}],"predecessor-version":[{"id":28216,"href":"https:\/\/nvnoticias.mx\/index.php\/wp-json\/wp\/v2\/posts\/28215\/revisions\/28216"}],"wp:featuredmedia":[{"embeddable":true,"href":"https:\/\/nvnoticias.mx\/index.php\/wp-json\/wp\/v2\/media\/28217"}],"wp:attachment":[{"href":"https:\/\/nvnoticias.mx\/index.php\/wp-json\/wp\/v2\/media?parent=28215"}],"wp:term":[{"taxonomy":"category","embeddable":true,"href":"https:\/\/nvnoticias.mx\/index.php\/wp-json\/wp\/v2\/categories?post=28215"},{"taxonomy":"post_tag","embeddable":true,"href":"https:\/\/nvnoticias.mx\/index.php\/wp-json\/wp\/v2\/tags?post=28215"}],"curies":[{"name":"wp","href":"https:\/\/api.w.org\/{rel}","templated":true}]}}