{"id":28110,"date":"2021-10-19T15:14:45","date_gmt":"2021-10-19T20:14:45","guid":{"rendered":"https:\/\/nvnoticias.mx\/?p=28110"},"modified":"2021-10-19T15:14:46","modified_gmt":"2021-10-19T20:14:46","slug":"conmemora-imss-el-dia-internacional-de-lucha-contra-el-cancer-de-mama","status":"publish","type":"post","link":"https:\/\/nvnoticias.mx\/index.php\/2021\/10\/19\/conmemora-imss-el-dia-internacional-de-lucha-contra-el-cancer-de-mama\/","title":{"rendered":"Conmemora IMSS el D\u00eda Internacional de Lucha contra el C\u00e1ncer de Mama"},"content":{"rendered":"\n<ul class=\"wp-block-list\"><li><strong>Llevan a cabo la&nbsp;&nbsp;Semana de Capacitaci\u00f3n&nbsp;y Sensibilizaci\u00f3n&nbsp;<\/strong>&nbsp;<\/li><li><strong>Entregaron 10 Bolsas Rosas con pr\u00f3tesis mamaria artesanal<\/strong>&nbsp;<\/li><\/ul>\n\n\n\n<p>En conmemoraci\u00f3n del&nbsp;Mes de Sensibilizaci\u00f3n del C\u00e1ncer de Mama,&nbsp;la Unidad de Detecci\u00f3n y Diagn\u00f3stico de C\u00e1ncer de Mama (UDDCM) del Instituto Mexicano del Seguro Social (IMSS) en Veracruz Norte, inaugur\u00f3 la Semana de Capacitaci\u00f3n \u201cImpacto de la Intervenci\u00f3n del Equipo Multidisciplinario de Salud en la Atenci\u00f3n del C\u00e1ncer de Mama\u201d.&nbsp;<\/p>\n\n\n\n<p>En su intervenci\u00f3n, la titular del IMSS en Veracruz&nbsp;Norte, Mar\u00eda de Lourdes Carranza Bernal, recalc\u00f3 la importancia de la detecci\u00f3n oportuna, as\u00ed como la relevancia de la atenci\u00f3n multidisciplinaria a pacientes que resultan positivas&nbsp;a&nbsp;c\u00e1ncer de mama.&nbsp;<\/p>\n\n\n\n<p>Asimismo, afirm\u00f3 \u201cque&nbsp;la&nbsp;buena&nbsp;alimentaci\u00f3n, la salud bucodental y el acompa\u00f1amiento emocional,&nbsp;deben ir de la mano en el tratamiento m\u00e9dico de pacientes con c\u00e1ncer, pues muchas veces sirven de pilares fundamentales que dan soporte para superar un padecimiento con tratamiento tan radicales como el c\u00e1ncer de mama\u201d.&nbsp;<\/p>\n\n\n\n<p>En este contexto,&nbsp;se entregaron 10 \u201cBolsas Rosa\u201d a igual n\u00famero de pacientes&nbsp;mastectomizadas,&nbsp;cuyo contenido es de&nbsp;una pr\u00f3tesis artesanal elaborada y donada por el voluntariado IMSS Veracruz Norte.&nbsp;&nbsp;<\/p>\n\n\n\n<p>En su oportunidad,&nbsp;una de las beneficiadas con la Bolsa Rosa, la se\u00f1ora Patricia, paciente que super\u00f3 el c\u00e1ncer de mama,&nbsp;dijo sentirse agradecida por el seguimiento y trato que le han brindado las y los trabajadores del Seguro Social.&nbsp;&nbsp;<\/p>\n\n\n\n<p>Durante la semana se realizan&nbsp;conferencias como: \u201cImportancia de la mastograf\u00eda de detecci\u00f3n para el diagn\u00f3stico oportuno del c\u00e1ncer de mama\u201d; \u201cAlimentaci\u00f3n en la g\u00e9nesis y prevenci\u00f3n del c\u00e1ncer\u201d; \u201cImportancia del manejo estomatol\u00f3gico en el paciente con oncoterapia\u201d; \u201cImportancia de la rehabilitaci\u00f3n en pacientes postoperadas de c\u00e1ncer de mama\u201d y \u201cAcompa\u00f1amiento emocional a mujeres diagnosticadas con c\u00e1ncer de mama\u201d.&nbsp;<\/p>\n\n\n\n<p>Durante la inauguraci\u00f3n estuvieron presentes: el Secretario de Salud y director General de Servicios de Salud del Estado de Veracruz, Roberto Ramos Alor; la titular de la&nbsp;Jefatura de Servicios de Prestaciones M\u00e9dicas, Ingrid Zaragoza Ruiz; el director de la UMAE, doctor V\u00edctor Bernal Dolores; el Secretario General del SNTSS Secci\u00f3n IX, Jos\u00e9 Mart\u00edn Sosa Nepomuceno; la Directora de la UDDCM, Mar\u00eda Candelaria Guzm\u00e1n Hern\u00e1ndez;&nbsp;la directora Delegacional del Voluntariado IMSS Veracruz Norte, Juana Ruiz Arcos e integrantes del H. Consejo Consultivo y del Cuerpo de Gobierno.&nbsp;<\/p>\n","protected":false},"excerpt":{"rendered":"<p>Llevan a cabo la&nbsp;&nbsp;Semana de Capacitaci\u00f3n&nbsp;y Sensibilizaci\u00f3n&nbsp;&nbsp; Entregaron 10 Bolsas Rosas con pr\u00f3tesis mamaria artesanal&nbsp; En conmemoraci\u00f3n del&nbsp;Mes de Sensibilizaci\u00f3n del C\u00e1ncer de Mama,&nbsp;la Unidad de Detecci\u00f3n y Diagn\u00f3stico de C\u00e1ncer de Mama (UDDCM) del Instituto Mexicano del Seguro Social (IMSS) en Veracruz Norte, inaugur\u00f3 la Semana de Capacitaci\u00f3n \u201cImpacto de la Intervenci\u00f3n del Equipo [&hellip;]<\/p>\n","protected":false},"author":35,"featured_media":28111,"comment_status":"open","ping_status":"open","sticky":false,"template":"","format":"standard","meta":{"_monsterinsights_skip_tracking":false,"_monsterinsights_sitenote_active":false,"_monsterinsights_sitenote_note":"","_monsterinsights_sitenote_category":0,"footnotes":""},"categories":[154],"tags":[4971,365],"class_list":["post-28110","post","type-post","status-publish","format-standard","has-post-thumbnail","hentry","category-veracruz","tag-cancer-de-mama","tag-imss","wp-image-borders"],"amp_enabled":true,"_links":{"self":[{"href":"https:\/\/nvnoticias.mx\/index.php\/wp-json\/wp\/v2\/posts\/28110","targetHints":{"allow":["GET"]}}],"collection":[{"href":"https:\/\/nvnoticias.mx\/index.php\/wp-json\/wp\/v2\/posts"}],"about":[{"href":"https:\/\/nvnoticias.mx\/index.php\/wp-json\/wp\/v2\/types\/post"}],"author":[{"embeddable":true,"href":"https:\/\/nvnoticias.mx\/index.php\/wp-json\/wp\/v2\/users\/35"}],"replies":[{"embeddable":true,"href":"https:\/\/nvnoticias.mx\/index.php\/wp-json\/wp\/v2\/comments?post=28110"}],"version-history":[{"count":1,"href":"https:\/\/nvnoticias.mx\/index.php\/wp-json\/wp\/v2\/posts\/28110\/revisions"}],"predecessor-version":[{"id":28112,"href":"https:\/\/nvnoticias.mx\/index.php\/wp-json\/wp\/v2\/posts\/28110\/revisions\/28112"}],"wp:featuredmedia":[{"embeddable":true,"href":"https:\/\/nvnoticias.mx\/index.php\/wp-json\/wp\/v2\/media\/28111"}],"wp:attachment":[{"href":"https:\/\/nvnoticias.mx\/index.php\/wp-json\/wp\/v2\/media?parent=28110"}],"wp:term":[{"taxonomy":"category","embeddable":true,"href":"https:\/\/nvnoticias.mx\/index.php\/wp-json\/wp\/v2\/categories?post=28110"},{"taxonomy":"post_tag","embeddable":true,"href":"https:\/\/nvnoticias.mx\/index.php\/wp-json\/wp\/v2\/tags?post=28110"}],"curies":[{"name":"wp","href":"https:\/\/api.w.org\/{rel}","templated":true}]}}