{"id":28107,"date":"2021-10-19T15:05:05","date_gmt":"2021-10-19T20:05:05","guid":{"rendered":"https:\/\/nvnoticias.mx\/?p=28107"},"modified":"2021-10-19T15:05:06","modified_gmt":"2021-10-19T20:05:06","slug":"anuncian-el-festival-orquideas-de-la-montana","status":"publish","type":"post","link":"https:\/\/nvnoticias.mx\/index.php\/2021\/10\/19\/anuncian-el-festival-orquideas-de-la-montana\/","title":{"rendered":"Anuncian el Festival Orqu\u00eddeas de la Monta\u00f1a"},"content":{"rendered":"\n<p><strong>Jes\u00fas Utrilla | NV Noticias<\/strong><\/p>\n\n\n\n<p>Veracruz.- Con el objetivo de reactivar la econom\u00eda regional luego de las afectaciones derivadas de la pandemia del Covid-19, del 29 de octubre al 2 de noviembre pr\u00f3ximo, se realizar\u00e1 el Festival Orqu\u00eddeas de la Monta\u00f1a, en el que participar\u00e1n poco m\u00e1s de un centenar de expositores y productores de esta flor, anunci\u00f3 este d\u00eda la alcaldesa de Totutla, Veracruz, Mayra Paredes Morales.<\/p>\n\n\n\n<p>Anunci\u00f3 que el evento, a celebrarse en el Sal\u00f3n Social de usos m\u00faltiples del entronque de la cabecera municipal, incluir\u00e1 adem\u00e1s una serie de eventos culturales en donde participar\u00e1n tres Tunas de Guerrero y una serie de grupos folcl\u00f3ricos de la regi\u00f3n. El festejo se retom\u00f3 este a\u00f1o, dado que las condiciones del sem\u00e1foro sanitario no permit\u00eda las aglomeraciones.<br><\/p>\n\n\n\n<blockquote class=\"wp-block-quote is-layout-flow wp-block-quote-is-layout-flow\"><p>\u201cEs un evento que surgi\u00f3 a iniciativa de esta administraci\u00f3n, buscamos apoyar a los productores e impulsar la llegada de turismo regional, por ello adem\u00e1s de la exhibici\u00f3n de las flores tendremos eventos culturales y un baile popular, todo con las estrictas medidas de prevenci\u00f3n sanitaria a fin de evitar el riesgo para la poblaci\u00f3n y los asistentes&#8221;.<\/p><\/blockquote>\n\n\n\n<p>Finalmente la presidenta municipal de Totutla, Veracruz confirm\u00f3 que tras haber sido nominada, el C\u00edrculo de Periodistas de M\u00e9xico le notific\u00f3 que el pr\u00f3ximo 28 de Octubre recibir\u00e1 el premio Las Palmas de Oro en la categor\u00eda de &#8220;Mejor Servidor P\u00fablico&#8221; de la Regi\u00f3n Centro del Estado de Veracruz, en lo que ser\u00e1 la Gala de Premiaci\u00f3n a la Excelencia Profesional en su LXVIII edici\u00f3n.<\/p>\n","protected":false},"excerpt":{"rendered":"<p>Jes\u00fas Utrilla | NV Noticias Veracruz.- Con el objetivo de reactivar la econom\u00eda regional luego de las afectaciones derivadas de la pandemia del Covid-19, del 29 de octubre al 2 de noviembre pr\u00f3ximo, se realizar\u00e1 el Festival Orqu\u00eddeas de la Monta\u00f1a, en el que participar\u00e1n poco m\u00e1s de un centenar de expositores y productores de [&hellip;]<\/p>\n","protected":false},"author":35,"featured_media":28108,"comment_status":"open","ping_status":"open","sticky":false,"template":"","format":"standard","meta":{"_monsterinsights_skip_tracking":false,"_monsterinsights_sitenote_active":false,"_monsterinsights_sitenote_note":"","_monsterinsights_sitenote_category":0,"footnotes":""},"categories":[154],"tags":[6685],"class_list":["post-28107","post","type-post","status-publish","format-standard","has-post-thumbnail","hentry","category-veracruz","tag-festival-orquideas","wp-image-borders"],"amp_enabled":true,"_links":{"self":[{"href":"https:\/\/nvnoticias.mx\/index.php\/wp-json\/wp\/v2\/posts\/28107","targetHints":{"allow":["GET"]}}],"collection":[{"href":"https:\/\/nvnoticias.mx\/index.php\/wp-json\/wp\/v2\/posts"}],"about":[{"href":"https:\/\/nvnoticias.mx\/index.php\/wp-json\/wp\/v2\/types\/post"}],"author":[{"embeddable":true,"href":"https:\/\/nvnoticias.mx\/index.php\/wp-json\/wp\/v2\/users\/35"}],"replies":[{"embeddable":true,"href":"https:\/\/nvnoticias.mx\/index.php\/wp-json\/wp\/v2\/comments?post=28107"}],"version-history":[{"count":1,"href":"https:\/\/nvnoticias.mx\/index.php\/wp-json\/wp\/v2\/posts\/28107\/revisions"}],"predecessor-version":[{"id":28109,"href":"https:\/\/nvnoticias.mx\/index.php\/wp-json\/wp\/v2\/posts\/28107\/revisions\/28109"}],"wp:featuredmedia":[{"embeddable":true,"href":"https:\/\/nvnoticias.mx\/index.php\/wp-json\/wp\/v2\/media\/28108"}],"wp:attachment":[{"href":"https:\/\/nvnoticias.mx\/index.php\/wp-json\/wp\/v2\/media?parent=28107"}],"wp:term":[{"taxonomy":"category","embeddable":true,"href":"https:\/\/nvnoticias.mx\/index.php\/wp-json\/wp\/v2\/categories?post=28107"},{"taxonomy":"post_tag","embeddable":true,"href":"https:\/\/nvnoticias.mx\/index.php\/wp-json\/wp\/v2\/tags?post=28107"}],"curies":[{"name":"wp","href":"https:\/\/api.w.org\/{rel}","templated":true}]}}