{"id":28100,"date":"2021-10-19T13:36:06","date_gmt":"2021-10-19T18:36:06","guid":{"rendered":"https:\/\/nvnoticias.mx\/?p=28100"},"modified":"2021-10-19T13:36:07","modified_gmt":"2021-10-19T18:36:07","slug":"seria-un-obstaculo-reforma-electrica-para-la-sostenibilidad-de-la-mineria","status":"publish","type":"post","link":"https:\/\/nvnoticias.mx\/index.php\/2021\/10\/19\/seria-un-obstaculo-reforma-electrica-para-la-sostenibilidad-de-la-mineria\/","title":{"rendered":"Ser\u00eda un obst\u00e1culo reforma el\u00e9ctrica para la sostenibilidad de la miner\u00eda"},"content":{"rendered":"\n<p>La iniciativa de reforma el\u00e9ctrica del presidente Andr\u00e9s Manuel L\u00f3pez Obrador ser\u00eda un obst\u00e1culo para que la miner\u00eda en M\u00e9xico sea sostenible, pues 34% del consumo total de energ\u00eda de las empresas del sector proviene de energ\u00edas limpias, consider\u00f3 este martes la C\u00e1mara Minera de M\u00e9xico (Camimex).<\/p>\n\n\n\n<p>El organismo advirti\u00f3 que la cancelaci\u00f3n de permisos que se plantea en la iniciativa de AMLO impedir\u00eda que la industria puedan tener acceso a fuentes limpias de generaci\u00f3n el\u00e9ctrica.<\/p>\n\n\n\n<blockquote class=\"wp-block-quote is-layout-flow wp-block-quote-is-layout-flow\"><p>\u201cEsta reforma obligar\u00eda a todos los sectores productivos de M\u00e9xico a adquirir energ\u00eda de la CFE, sin importar lo sucia, cara e inefciente que pueda ser. Adicionalmente, la reforma restar\u00eda a M\u00e9xico competitividad en el mercado internacional\u201d, se\u00f1al\u00f3 la Camimex en un posicionamiento.<\/p><\/blockquote>\n\n\n\n<p>Asimismo, al igual que otras industrias, el organismo alert\u00f3 sobre el encarecimiento de la electricidad, al tener la CFE el monopolio del mercado, este incremento en la energ\u00eda puede volver econ\u00f3micamente inviables a una gran cantidad de proyectos mineros.<\/p>\n\n\n\n<p>Respecto a dejar la exploraci\u00f3n y explotaci\u00f3n de minerales estrat\u00e9gicos para el estado, refiri\u00f3 que provoca una incertidumbre para las empresas que invierten en el pa\u00eds y para las que pretenden desarrollar nuevos proyectos.<\/p>\n\n\n\n<p>La propuesta pone en riesgo operaciones mineras existentes, el abasto de minerales para otras cadenas de valor, a la derrama econ\u00f3mica y los empleos que genera el sector, a\u00f1adi\u00f3.<\/p>\n\n\n\n<p>En ese sentido, la Camimex se sum\u00f3 al llamado al Poder Legislativo para que se lleve a cabo un parlamento abierto, en el cual se tomen en cuenta todas las voces y se reflexione sobre los efectos que tendr\u00e1 esta reforma el\u00e9ctrica para el presente y futuro de M\u00e9xico.<\/p>\n\n\n\n<p>Fuente: Forbes<\/p>\n","protected":false},"excerpt":{"rendered":"<p>La iniciativa de reforma el\u00e9ctrica del presidente Andr\u00e9s Manuel L\u00f3pez Obrador ser\u00eda un obst\u00e1culo para que la miner\u00eda en M\u00e9xico sea sostenible, pues 34% del consumo total de energ\u00eda de las empresas del sector proviene de energ\u00edas limpias, consider\u00f3 este martes la C\u00e1mara Minera de M\u00e9xico (Camimex). El organismo advirti\u00f3 que la cancelaci\u00f3n de permisos [&hellip;]<\/p>\n","protected":false},"author":35,"featured_media":7296,"comment_status":"open","ping_status":"open","sticky":false,"template":"","format":"standard","meta":{"_monsterinsights_skip_tracking":false,"_monsterinsights_sitenote_active":false,"_monsterinsights_sitenote_note":"","_monsterinsights_sitenote_category":0,"footnotes":""},"categories":[158],"tags":[6682,1553],"class_list":["post-28100","post","type-post","status-publish","format-standard","has-post-thumbnail","hentry","category-politica","tag-mineria","tag-reforma-electrica","wp-image-borders"],"amp_enabled":true,"_links":{"self":[{"href":"https:\/\/nvnoticias.mx\/index.php\/wp-json\/wp\/v2\/posts\/28100","targetHints":{"allow":["GET"]}}],"collection":[{"href":"https:\/\/nvnoticias.mx\/index.php\/wp-json\/wp\/v2\/posts"}],"about":[{"href":"https:\/\/nvnoticias.mx\/index.php\/wp-json\/wp\/v2\/types\/post"}],"author":[{"embeddable":true,"href":"https:\/\/nvnoticias.mx\/index.php\/wp-json\/wp\/v2\/users\/35"}],"replies":[{"embeddable":true,"href":"https:\/\/nvnoticias.mx\/index.php\/wp-json\/wp\/v2\/comments?post=28100"}],"version-history":[{"count":1,"href":"https:\/\/nvnoticias.mx\/index.php\/wp-json\/wp\/v2\/posts\/28100\/revisions"}],"predecessor-version":[{"id":28101,"href":"https:\/\/nvnoticias.mx\/index.php\/wp-json\/wp\/v2\/posts\/28100\/revisions\/28101"}],"wp:featuredmedia":[{"embeddable":true,"href":"https:\/\/nvnoticias.mx\/index.php\/wp-json\/wp\/v2\/media\/7296"}],"wp:attachment":[{"href":"https:\/\/nvnoticias.mx\/index.php\/wp-json\/wp\/v2\/media?parent=28100"}],"wp:term":[{"taxonomy":"category","embeddable":true,"href":"https:\/\/nvnoticias.mx\/index.php\/wp-json\/wp\/v2\/categories?post=28100"},{"taxonomy":"post_tag","embeddable":true,"href":"https:\/\/nvnoticias.mx\/index.php\/wp-json\/wp\/v2\/tags?post=28100"}],"curies":[{"name":"wp","href":"https:\/\/api.w.org\/{rel}","templated":true}]}}