{"id":28039,"date":"2021-10-19T09:45:20","date_gmt":"2021-10-19T14:45:20","guid":{"rendered":"https:\/\/nvnoticias.mx\/?p=28039"},"modified":"2021-10-19T09:45:22","modified_gmt":"2021-10-19T14:45:22","slug":"se-defiende-ebrard-ante-acusaciones-por-desplome-de-la-l12","status":"publish","type":"post","link":"https:\/\/nvnoticias.mx\/index.php\/2021\/10\/19\/se-defiende-ebrard-ante-acusaciones-por-desplome-de-la-l12\/","title":{"rendered":"Se defiende Ebrard ante acusaciones por desplome de la L12"},"content":{"rendered":"\n<p>Marcelo Ebrard, titular de la Secretar\u00eda de Relaciones Exteriores (SRE), se dijo satisfecho con su administraci\u00f3n como Jefe de Gobierno del entonces Distrito Federal; esto, ante los cuestionamientos sobre su posible responsabilidad por el desplome de un tramo de la L\u00ednea 12 del metro.<\/p>\n\n\n\n<blockquote class=\"wp-block-quote is-layout-flow wp-block-quote-is-layout-flow\"><p>\u201cYo hice lo que ten\u00eda que hacer, si no, no estar\u00eda aqu\u00ed (al frente de la SRE), no podr\u00eda yo dar la cara \u2026 Actu\u00e9 profesional y de una manera \u00edntegra (\u2026) Yo cumpl\u00ed con mi deber en ese momento\u201d, asever\u00f3 en la conferencia matutina.<\/p><\/blockquote>\n\n\n\n<p>A ello, el canciller agreg\u00f3 que era \u201cmuy dif\u00edcil\u201d supervisar las obras al encabezar el gobierno capitalino, raz\u00f3n por la cual, destac\u00f3, se hab\u00eda creado el organismo aut\u00f3nomo \u201cProyecto Metro\u201d, en el cual intervinieron empresas e instituciones para levantar la nueva ruta.<\/p>\n\n\n\n<blockquote class=\"wp-block-quote is-layout-flow wp-block-quote-is-layout-flow\"><p>\u201cEl encargado de la supervisi\u00f3n de la obra fue el premio nacional de Ingenier\u00eda; intervino hasta el Instituto de Ingenier\u00eda de la UNAM en ese tramos.<\/p><p>(\u2026) Instituto de Ingenier\u00eda de la UNAM, Instituto Polit\u00e9cnico Nacional (IPN), ICA &#8211; que gan\u00f3 una licitaci\u00f3n internacional-; supervisi\u00f3n a cargp de uno de los ingenieros m\u00e1s destacados de M\u00e9xico; constructoras o empresas reconocidas; certificaci\u00f3n a cargo de unos grupos internacionales m\u00e1s importantes\u2026 es lo que ten\u00eda que hacer el jefe de gobierno\u201d, destac\u00f3.<\/p><\/blockquote>\n\n\n\n<p>Respecto a las 10 denuncias que la Fiscal\u00eda General de Justicia (FGJ) de la Ciudad de M\u00e9xico (CDMX), asegur\u00f3 que las y los imputados se defender\u00e1n a las acusaciones pues, mencion\u00f3, \u201cmuchas de estas personas ya pasaron por procesos\u201d, durante el gobienro de Miguel \u00c1ngel Mancera.<\/p>\n\n\n\n<p>Fuente: Infobae<\/p>\n","protected":false},"excerpt":{"rendered":"<p>Marcelo Ebrard, titular de la Secretar\u00eda de Relaciones Exteriores (SRE), se dijo satisfecho con su administraci\u00f3n como Jefe de Gobierno del entonces Distrito Federal; esto, ante los cuestionamientos sobre su posible responsabilidad por el desplome de un tramo de la L\u00ednea 12 del metro. \u201cYo hice lo que ten\u00eda que hacer, si no, no estar\u00eda [&hellip;]<\/p>\n","protected":false},"author":6,"featured_media":25157,"comment_status":"open","ping_status":"open","sticky":false,"template":"","format":"standard","meta":{"_monsterinsights_skip_tracking":false,"_monsterinsights_sitenote_active":false,"_monsterinsights_sitenote_note":"","_monsterinsights_sitenote_category":0,"footnotes":""},"categories":[158],"tags":[6672,4531,391,162],"class_list":["post-28039","post","type-post","status-publish","format-standard","has-post-thumbnail","hentry","category-politica","tag-acusaciones","tag-l12","tag-marcelo-ebrard","tag-portada","wp-image-borders"],"amp_enabled":true,"_links":{"self":[{"href":"https:\/\/nvnoticias.mx\/index.php\/wp-json\/wp\/v2\/posts\/28039","targetHints":{"allow":["GET"]}}],"collection":[{"href":"https:\/\/nvnoticias.mx\/index.php\/wp-json\/wp\/v2\/posts"}],"about":[{"href":"https:\/\/nvnoticias.mx\/index.php\/wp-json\/wp\/v2\/types\/post"}],"author":[{"embeddable":true,"href":"https:\/\/nvnoticias.mx\/index.php\/wp-json\/wp\/v2\/users\/6"}],"replies":[{"embeddable":true,"href":"https:\/\/nvnoticias.mx\/index.php\/wp-json\/wp\/v2\/comments?post=28039"}],"version-history":[{"count":1,"href":"https:\/\/nvnoticias.mx\/index.php\/wp-json\/wp\/v2\/posts\/28039\/revisions"}],"predecessor-version":[{"id":28041,"href":"https:\/\/nvnoticias.mx\/index.php\/wp-json\/wp\/v2\/posts\/28039\/revisions\/28041"}],"wp:featuredmedia":[{"embeddable":true,"href":"https:\/\/nvnoticias.mx\/index.php\/wp-json\/wp\/v2\/media\/25157"}],"wp:attachment":[{"href":"https:\/\/nvnoticias.mx\/index.php\/wp-json\/wp\/v2\/media?parent=28039"}],"wp:term":[{"taxonomy":"category","embeddable":true,"href":"https:\/\/nvnoticias.mx\/index.php\/wp-json\/wp\/v2\/categories?post=28039"},{"taxonomy":"post_tag","embeddable":true,"href":"https:\/\/nvnoticias.mx\/index.php\/wp-json\/wp\/v2\/tags?post=28039"}],"curies":[{"name":"wp","href":"https:\/\/api.w.org\/{rel}","templated":true}]}}