{"id":28023,"date":"2021-10-19T09:04:39","date_gmt":"2021-10-19T14:04:39","guid":{"rendered":"https:\/\/nvnoticias.mx\/?p=28023"},"modified":"2021-10-19T09:04:40","modified_gmt":"2021-10-19T14:04:40","slug":"califica-amlo-de-ineficiente-y-desidiosa-a-la-oms","status":"publish","type":"post","link":"https:\/\/nvnoticias.mx\/index.php\/2021\/10\/19\/califica-amlo-de-ineficiente-y-desidiosa-a-la-oms\/","title":{"rendered":"Califica AMLO de \u201cineficiente y desidiosa\u201d a la OMS"},"content":{"rendered":"\n<p>Al se\u00f1alar que la\u00a0Organizaci\u00f3n Mundial de la Salud\u00a0(OMS) no ha respondido su carta en la que solicita reconocer todas las vacunas contra\u00a0Covid-19\u00a0-como\u00a0Sputnik V y CanSino-, el presidente\u00a0Andr\u00e9s Manuel L<a rel=\"noreferrer noopener\" href=\"https:\/\/www.eluniversal.com.mx\/tag\/AMLO\" target=\"_blank\">\u00f3pez Obrador\u00a0<\/a>manifest\u00f3 que el organismo mundial ha tenido una\u00a0actitud de \u201cineficiencia\u201d\u00a0y una desidia, pues manifest\u00f3 que este aval lo puede hacer en 72 horas.\u00a0<\/p>\n\n\n\n<blockquote class=\"wp-block-quote is-layout-flow wp-block-quote-is-layout-flow\"><p>\u201cNo, todav\u00eda no (han respondido); originalmente pens\u00e9 en mandar una carta a la OMS, solicit\u00e1ndoles respetuosamente que aceleraran el proceso de certificaci\u00f3n, de\u00a0aprobaci\u00f3n de las vacunas, porque es de dominio p\u00fablico que han ayudado, que no perjudican, al contrario, que protegen&#8221;, dijo el presidente.<\/p><\/blockquote>\n\n\n\n<p>El jefe del Ejecutivo federal consider\u00f3 que en este tema, las autoridades sanitarias mundiales han actuado con desidia y alert\u00f3 que la certificaci\u00f3n de las vacunas no debe estar sujeta a criterios ideol\u00f3gicos y pol\u00edticos.<\/p>\n\n\n\n<blockquote class=\"wp-block-quote is-layout-flow wp-block-quote-is-layout-flow\"><p>\u201cSin embargo, llevan mucho tiempo sin aprobar algunas vacunas. Yo entiendo que en Palacio las cosas caminen despacio, pero no lo acepto en ninguna otra parte, pero en la OMS, adem\u00e1s tratando de la salud y es con todo respeto, pues una ineficiencia y ya llevamos una semana dici\u00e9ndolo y no hay respuesta (\u2026) Esperemos que pronto resuelvan, lo pueden hacen en 72 horas, no puede haber consideraciones pol\u00edticas o ideol\u00f3gicas. Ser\u00eda un absurdo que la OMS actu\u00e9 a partir de criterios ideol\u00f3gicos, yo pienso m\u00e1s que es desidia\u201d, dijo.<\/p><\/blockquote>\n\n\n\n<p>El presidente de la Rep\u00fablica adelant\u00f3 que enviar\u00e1 una carta la OMS para pedir que se acelere la autorizaci\u00f3n de las vacunas desarrolladas en todos los pa\u00edses.<\/p>\n\n\n\n<p>Fuente: El Universal<\/p>\n","protected":false},"excerpt":{"rendered":"<p>Al se\u00f1alar que la\u00a0Organizaci\u00f3n Mundial de la Salud\u00a0(OMS) no ha respondido su carta en la que solicita reconocer todas las vacunas contra\u00a0Covid-19\u00a0-como\u00a0Sputnik V y CanSino-, el presidente\u00a0Andr\u00e9s Manuel L\u00f3pez Obrador\u00a0manifest\u00f3 que el organismo mundial ha tenido una\u00a0actitud de \u201cineficiencia\u201d\u00a0y una desidia, pues manifest\u00f3 que este aval lo puede hacer en 72 horas.\u00a0 \u201cNo, todav\u00eda no [&hellip;]<\/p>\n","protected":false},"author":6,"featured_media":27598,"comment_status":"open","ping_status":"open","sticky":false,"template":"","format":"standard","meta":{"_monsterinsights_skip_tracking":false,"_monsterinsights_sitenote_active":false,"_monsterinsights_sitenote_note":"","_monsterinsights_sitenote_category":0,"footnotes":""},"categories":[157],"tags":[188,739,162,403],"class_list":["post-28023","post","type-post","status-publish","format-standard","has-post-thumbnail","hentry","category-nacional","tag-amlo","tag-oms","tag-portada","tag-vacunas","wp-image-borders"],"amp_enabled":true,"_links":{"self":[{"href":"https:\/\/nvnoticias.mx\/index.php\/wp-json\/wp\/v2\/posts\/28023","targetHints":{"allow":["GET"]}}],"collection":[{"href":"https:\/\/nvnoticias.mx\/index.php\/wp-json\/wp\/v2\/posts"}],"about":[{"href":"https:\/\/nvnoticias.mx\/index.php\/wp-json\/wp\/v2\/types\/post"}],"author":[{"embeddable":true,"href":"https:\/\/nvnoticias.mx\/index.php\/wp-json\/wp\/v2\/users\/6"}],"replies":[{"embeddable":true,"href":"https:\/\/nvnoticias.mx\/index.php\/wp-json\/wp\/v2\/comments?post=28023"}],"version-history":[{"count":1,"href":"https:\/\/nvnoticias.mx\/index.php\/wp-json\/wp\/v2\/posts\/28023\/revisions"}],"predecessor-version":[{"id":28027,"href":"https:\/\/nvnoticias.mx\/index.php\/wp-json\/wp\/v2\/posts\/28023\/revisions\/28027"}],"wp:featuredmedia":[{"embeddable":true,"href":"https:\/\/nvnoticias.mx\/index.php\/wp-json\/wp\/v2\/media\/27598"}],"wp:attachment":[{"href":"https:\/\/nvnoticias.mx\/index.php\/wp-json\/wp\/v2\/media?parent=28023"}],"wp:term":[{"taxonomy":"category","embeddable":true,"href":"https:\/\/nvnoticias.mx\/index.php\/wp-json\/wp\/v2\/categories?post=28023"},{"taxonomy":"post_tag","embeddable":true,"href":"https:\/\/nvnoticias.mx\/index.php\/wp-json\/wp\/v2\/tags?post=28023"}],"curies":[{"name":"wp","href":"https:\/\/api.w.org\/{rel}","templated":true}]}}