{"id":27939,"date":"2021-10-18T10:55:23","date_gmt":"2021-10-18T15:55:23","guid":{"rendered":"https:\/\/nvnoticias.mx\/?p=27939"},"modified":"2021-10-18T12:10:22","modified_gmt":"2021-10-18T17:10:22","slug":"acusa-anaya-que-reforma-electrica-apuesta-por-energia-sucia-y-cara","status":"publish","type":"post","link":"https:\/\/nvnoticias.mx\/index.php\/2021\/10\/18\/acusa-anaya-que-reforma-electrica-apuesta-por-energia-sucia-y-cara\/","title":{"rendered":"Acusa Anaya que Reforma El\u00e9ctrica apuesta por energ\u00eda \u201csucia y cara\u201d"},"content":{"rendered":"\n<p>El ex candidato a la presidencia,&nbsp;Ricardo Anaya, subi\u00f3 a sus redes sociales un&nbsp;video&nbsp;en el que critica la nueva iniciativa a la&nbsp;Reforma El\u00e9ctrica&nbsp;del presidente&nbsp;Andr\u00e9s Manuel L\u00f3pez Obrador.<\/p>\n\n\n\n<blockquote class=\"wp-block-quote is-layout-flow wp-block-quote-is-layout-flow\"><p><em>\u201cQue las empresas pagan $1 y los hogares $5 es una mentira m\u00e1s de AMLO. \u00a1Claro que estar\u00eda mal si fuera verdad!<\/em><br><br><em>No te dejes distraer ni enga\u00f1ar. El punto es si queremos energ\u00eda:<\/em><\/p><\/blockquote>\n\n\n\n<figure class=\"wp-block-embed is-type-rich is-provider-twitter wp-block-embed-twitter\"><div class=\"wp-block-embed__wrapper\">\n<blockquote class=\"twitter-tweet\" data-width=\"550\" data-dnt=\"true\"><p lang=\"es\" dir=\"ltr\">Que las empresas pagan $1 y los hogares $5 es una mentira m\u00e1s de AMLO. \u00a1Claro que estar\u00eda mal si fuera verdad!<br><br>No te dejes distraer ni enga\u00f1ar. El punto es si queremos energ\u00eda:<br><br>a) Sucia y cara: $2.31 quemando combust\u00f3leo<br><br>b) limpia y barata: solo 31 centavos con p\u00e1neles solares <a href=\"https:\/\/t.co\/vvDMj67IYu\">pic.twitter.com\/vvDMj67IYu<\/a><\/p>&mdash; RicardoAnayaC (@RicardoAnayaC) <a href=\"https:\/\/twitter.com\/RicardoAnayaC\/status\/1450069158230560783?ref_src=twsrc%5Etfw\">October 18, 2021<\/a><\/blockquote><script async src=\"https:\/\/platform.twitter.com\/widgets.js\" charset=\"utf-8\"><\/script>\n<\/div><\/figure>\n\n\n\n<p>Anaya se\u00f1al\u00f3 que, las empresas&nbsp;adquirieron sus propios aerogeneradores&nbsp;y paneles solares, pagando solamente la transmisi\u00f3n de luz y no el consumo energ\u00e9tico.<\/p>\n\n\n\n<blockquote class=\"wp-block-quote is-layout-flow wp-block-quote-is-layout-flow\"><p><em>\u201cSeg\u00fan L\u00f3pez Obrador las empresas hablando de Oxxo, Bimbo, Walmart, pagan 1 peso por kWh y que los hogares mexicanos por el mismo kWh pagan 5 pesos, si esto fuera cierto, claro que estar\u00eda mal, pero las dos cosas son mentira. A ver, primero del lado de los hogares, no le creas a L\u00f3pez Obrador, observa tu propio recibo, entre par\u00e9ntesis dice MXN, lo m\u00e1s probable es que tu tarifa est\u00e9 entre 0.88 y 1 peso \u00bfPues no que 5 pesos? &#8220;<\/em><\/p><\/blockquote>\n\n\n\n<p>El ex diputado destac\u00f3 que&nbsp;el tipo de electricidad por la que la actual administraci\u00f3n est\u00e1 apostando es \u201csucia y cara\u201d&nbsp;en comparaci\u00f3n con aquella obtenida por paneles solares y aerogeneradores, comparando 2.31 pesos por 1 kWh de las termoel\u00e9ctricas contra 0.39 por 1 kWh obtenida por energ\u00edas limpias.<\/p>\n\n\n\n<p> El ex candidato resalt\u00f3 que este sexenio es en el cual m\u00e1s ha incrementado el precio de la luz, no obstante, a inicios del a\u00f1o en curso se llev\u00f3 a cabo un foro organizado por la C\u00e1mara de Diputados donde se pretend\u00eda escuchar las voces de actores en el sector el\u00e9ctrico. Durante este foro, la Comisi\u00f3n Federal de Electricidad (CFE) destac\u00f3 que las tarifas el\u00e9ctricas aumentaron en un 35% debido a la reforma energ\u00e9tica impulsada por el entonces presidente&nbsp;Enrique Pe\u00f1a Nieto, contraponiendo la informaci\u00f3n de Ricardo Anaya.<\/p>\n\n\n\n<p>Con un \u201cYo le pido a la oposici\u00f3n: no se dejen intimidar, den la batalla con valent\u00eda, no le tengan miedo, la verdad est\u00e1 de nuestro lado\u201d, el ex diputado termin\u00f3 su video, dejando la interrogante abierta sobre de qu\u00e9 lado quisieran estar, de los que apuestan por energ\u00edas limpias o por quienes prefieren la energ\u00eda sucia y cara.<\/p>\n\n\n\n<p>Fuente: Infobae<\/p>\n","protected":false},"excerpt":{"rendered":"<p>El ex candidato a la presidencia,&nbsp;Ricardo Anaya, subi\u00f3 a sus redes sociales un&nbsp;video&nbsp;en el que critica la nueva iniciativa a la&nbsp;Reforma El\u00e9ctrica&nbsp;del presidente&nbsp;Andr\u00e9s Manuel L\u00f3pez Obrador. \u201cQue las empresas pagan $1 y los hogares $5 es una mentira m\u00e1s de AMLO. \u00a1Claro que estar\u00eda mal si fuera verdad! No te dejes distraer ni enga\u00f1ar. El [&hellip;]<\/p>\n","protected":false},"author":6,"featured_media":27941,"comment_status":"open","ping_status":"open","sticky":false,"template":"","format":"standard","meta":{"_monsterinsights_skip_tracking":false,"_monsterinsights_sitenote_active":false,"_monsterinsights_sitenote_note":"","_monsterinsights_sitenote_category":0,"footnotes":""},"categories":[158],"tags":[1039,1553,509],"class_list":["post-27939","post","type-post","status-publish","format-standard","has-post-thumbnail","hentry","category-politica","tag-energia","tag-reforma-electrica","tag-ricardo-anaya","wp-image-borders"],"amp_enabled":true,"_links":{"self":[{"href":"https:\/\/nvnoticias.mx\/index.php\/wp-json\/wp\/v2\/posts\/27939","targetHints":{"allow":["GET"]}}],"collection":[{"href":"https:\/\/nvnoticias.mx\/index.php\/wp-json\/wp\/v2\/posts"}],"about":[{"href":"https:\/\/nvnoticias.mx\/index.php\/wp-json\/wp\/v2\/types\/post"}],"author":[{"embeddable":true,"href":"https:\/\/nvnoticias.mx\/index.php\/wp-json\/wp\/v2\/users\/6"}],"replies":[{"embeddable":true,"href":"https:\/\/nvnoticias.mx\/index.php\/wp-json\/wp\/v2\/comments?post=27939"}],"version-history":[{"count":3,"href":"https:\/\/nvnoticias.mx\/index.php\/wp-json\/wp\/v2\/posts\/27939\/revisions"}],"predecessor-version":[{"id":27953,"href":"https:\/\/nvnoticias.mx\/index.php\/wp-json\/wp\/v2\/posts\/27939\/revisions\/27953"}],"wp:featuredmedia":[{"embeddable":true,"href":"https:\/\/nvnoticias.mx\/index.php\/wp-json\/wp\/v2\/media\/27941"}],"wp:attachment":[{"href":"https:\/\/nvnoticias.mx\/index.php\/wp-json\/wp\/v2\/media?parent=27939"}],"wp:term":[{"taxonomy":"category","embeddable":true,"href":"https:\/\/nvnoticias.mx\/index.php\/wp-json\/wp\/v2\/categories?post=27939"},{"taxonomy":"post_tag","embeddable":true,"href":"https:\/\/nvnoticias.mx\/index.php\/wp-json\/wp\/v2\/tags?post=27939"}],"curies":[{"name":"wp","href":"https:\/\/api.w.org\/{rel}","templated":true}]}}