{"id":27851,"date":"2021-10-17T12:13:15","date_gmt":"2021-10-17T17:13:15","guid":{"rendered":"https:\/\/nvnoticias.mx\/?p=27851"},"modified":"2021-10-17T12:13:17","modified_gmt":"2021-10-17T17:13:17","slug":"asegura-dante-delgado-posibilidades-de-ganar-presidencia","status":"publish","type":"post","link":"https:\/\/nvnoticias.mx\/index.php\/2021\/10\/17\/asegura-dante-delgado-posibilidades-de-ganar-presidencia\/","title":{"rendered":"Asegura Dante Delgado que &#8220;Movimiento Ciudadano&#8221; tiene posibilidades de ganar presidencia en 2024"},"content":{"rendered":"\n<p>Tras asegurar que Nuevo Le\u00f3n y Jalisco cuentan con grandes liderazgos, dirigentes del Partido Movimiento Ciudadano aseguraron estar listos para competir y ganar la Presidencia de la Rep\u00fablica en 2024.<\/p>\n\n\n\n<p>Lo anterior, fue dado a conocer durante la Primera Convenci\u00f3n Estatal de Movimiento Ciudadano Nuevo Le\u00f3n, realizada en el Teatro Convex, a donde acudieron senadores, diputados locales y federales y alcaldes.<\/p>\n\n\n\n<p>El senador, Dante Delgado, agradeci\u00f3 el compromiso de quienes tomaron protesta en los \u00f3rganos de direcci\u00f3n del partido pol\u00edtico y les pidi\u00f3 mantenerse firmes para lograr a futuro ser la mayor\u00eda legislativa en el Congreso Local y en los gobiernos municipales.<\/p>\n\n\n\n<blockquote class=\"wp-block-quote is-layout-flow wp-block-quote-is-layout-flow\"><p>&#8220;Vamos a ganar la Presidencia de la Rep\u00fablica dentro de tres a\u00f1os, porque tenemos organizaci\u00f3n, liderazgos, porque nadie puede dudar, lo que significa que en Monterrey y en el pa\u00eds el liderazgo de Luis Donaldo Colosio, gracias Luis Donaldo por haber abanderado&#8221;, expres\u00f3 el dirigente.<\/p><\/blockquote>\n\n\n\n<blockquote class=\"twitter-tweet\"><p lang=\"es\" dir=\"ltr\">Cada vez que voy a Nuevo Le\u00f3n me doy cuenta del enorme trabajo que hacen en <a href=\"https:\/\/twitter.com\/MovCiudadanoNL?ref_src=twsrc%5Etfw\">@MovCiudadanoNL<\/a> por hacer realidad <a href=\"https:\/\/twitter.com\/hashtag\/UnNuevoComienzo?src=hash&amp;ref_src=twsrc%5Etfw\">#UnNuevoComienzo<\/a>, hoy no fue la excepci\u00f3n. Muchas felicidades a <a href=\"https:\/\/twitter.com\/horaciotijerina?ref_src=twsrc%5Etfw\">@horaciotijerina<\/a> por su nombramiento como dirigente estatal de nuestro Movimiento. Enhorabuena. <a href=\"https:\/\/t.co\/zCzlX6l7wJ\">pic.twitter.com\/zCzlX6l7wJ<\/a><\/p>&mdash; Dante Delgado (@DanteDelgado) <a href=\"https:\/\/twitter.com\/DanteDelgado\/status\/1449572049542778880?ref_src=twsrc%5Etfw\">October 17, 2021<\/a><\/blockquote> <script async src=\"https:\/\/platform.twitter.com\/widgets.js\" charset=\"utf-8\"><\/script>\n\n\n\n<p>\u201cUn saludo, al joven gobernador Samuel Garc\u00eda, quiero decirles que estamos muy orgullosos de ellos, entre todos esos liderazgos que empujar\u00e1n a M\u00e9xico\u2026y la coordinaci\u00f3n de los coordinadores en el Senado de la Rep\u00fablica, con esas puertas claro que vamos a alcanzar la victoria\u201d, agreg\u00f3 el l\u00edder.<\/p>\n\n\n\n<p>En cuestionamiento sobre si alguno de los dos personajes pol\u00edticos mencionados es visto como posible candidato a ocupar la silla presidencial, Dante Delgado y Clemente Casta\u00f1eda, fundadores del partido, se mantuvieron al margen.<\/p>\n\n\n\n<p>\u201cHay posibilidades de que sea integrante de la nueva generaci\u00f3n de dirigentes y adem\u00e1s que se construya el consenso mayoritario\u201d, dijo Delgado.<\/p>\n\n\n\n<p>En las comisiones operativas estatales se tienen actualmente 225 liderazgos, en los consejos estatales 500, en las coordinadoras ciudadanas estatales tienen mil 500, en el Consejo Nacional, 100 liderazgos, adem\u00e1s de 150, dando una suma total de 2 mil en todo el pa\u00eds.<\/p>\n\n\n\n<p>Adem\u00e1s, hay 134 alcaldes\/alcaldesas, 175 s\u00edndicos\/s\u00edndicas, 700 regidoras\/regidores, 60 diputados a las legislaturas, 23 diputados federales, ocho senadores y dos gobernadores, contando actualmente con mil 100 dirigentes que ocupan cargos en la conducci\u00f3n nacional.<\/p>\n","protected":false},"excerpt":{"rendered":"<p>Tras asegurar que Nuevo Le\u00f3n y Jalisco cuentan con grandes liderazgos, dirigentes del Partido Movimiento Ciudadano aseguraron estar listos para competir y ganar la Presidencia de la Rep\u00fablica en 2024. Lo anterior, fue dado a conocer durante la Primera Convenci\u00f3n Estatal de Movimiento Ciudadano Nuevo Le\u00f3n, realizada en el Teatro Convex, a donde acudieron senadores, [&hellip;]<\/p>\n","protected":false},"author":35,"featured_media":27853,"comment_status":"open","ping_status":"open","sticky":false,"template":"","format":"standard","meta":{"_monsterinsights_skip_tracking":false,"_monsterinsights_sitenote_active":false,"_monsterinsights_sitenote_note":"","_monsterinsights_sitenote_category":0,"footnotes":""},"categories":[158],"tags":[3254,687],"class_list":["post-27851","post","type-post","status-publish","format-standard","has-post-thumbnail","hentry","category-politica","tag-dante-delgado","tag-movimiento-ciudadano","wp-image-borders"],"amp_enabled":true,"_links":{"self":[{"href":"https:\/\/nvnoticias.mx\/index.php\/wp-json\/wp\/v2\/posts\/27851","targetHints":{"allow":["GET"]}}],"collection":[{"href":"https:\/\/nvnoticias.mx\/index.php\/wp-json\/wp\/v2\/posts"}],"about":[{"href":"https:\/\/nvnoticias.mx\/index.php\/wp-json\/wp\/v2\/types\/post"}],"author":[{"embeddable":true,"href":"https:\/\/nvnoticias.mx\/index.php\/wp-json\/wp\/v2\/users\/35"}],"replies":[{"embeddable":true,"href":"https:\/\/nvnoticias.mx\/index.php\/wp-json\/wp\/v2\/comments?post=27851"}],"version-history":[{"count":1,"href":"https:\/\/nvnoticias.mx\/index.php\/wp-json\/wp\/v2\/posts\/27851\/revisions"}],"predecessor-version":[{"id":27854,"href":"https:\/\/nvnoticias.mx\/index.php\/wp-json\/wp\/v2\/posts\/27851\/revisions\/27854"}],"wp:featuredmedia":[{"embeddable":true,"href":"https:\/\/nvnoticias.mx\/index.php\/wp-json\/wp\/v2\/media\/27853"}],"wp:attachment":[{"href":"https:\/\/nvnoticias.mx\/index.php\/wp-json\/wp\/v2\/media?parent=27851"}],"wp:term":[{"taxonomy":"category","embeddable":true,"href":"https:\/\/nvnoticias.mx\/index.php\/wp-json\/wp\/v2\/categories?post=27851"},{"taxonomy":"post_tag","embeddable":true,"href":"https:\/\/nvnoticias.mx\/index.php\/wp-json\/wp\/v2\/tags?post=27851"}],"curies":[{"name":"wp","href":"https:\/\/api.w.org\/{rel}","templated":true}]}}