{"id":27811,"date":"2021-10-17T09:00:47","date_gmt":"2021-10-17T14:00:47","guid":{"rendered":"https:\/\/nvnoticias.mx\/?p=27811"},"modified":"2021-10-17T09:00:48","modified_gmt":"2021-10-17T14:00:48","slug":"impulsa-invivienda-programas-de-regularizacion-y-dignificacion-de-casas","status":"publish","type":"post","link":"https:\/\/nvnoticias.mx\/index.php\/2021\/10\/17\/impulsa-invivienda-programas-de-regularizacion-y-dignificacion-de-casas\/","title":{"rendered":"Impulsa Invivienda programas de regularizaci\u00f3n y dignificaci\u00f3n de casas"},"content":{"rendered":"\n<p><strong>Jes\u00fas Utrilla | NV Noticias<\/strong><\/p>\n\n\n\n<p>Veracruz.- Con la finalidad de apoyar a los sectores m\u00e1s desprotegidos, el gobierno federal en coordinaci\u00f3n con el gobierno del estado de Veracruz impulsa el programa <strong><em>\u201cVivienda Social 2021\u201d<\/em><\/strong>.<\/p>\n\n\n\n<p>Son 42 proyectos que de manera inicial se est\u00e1n llevando a cabo en el puerto de Veracruz en las colonias m\u00e1s populares, se\u00f1al\u00f3 Hazael Flores Castro, gerente general del Instituto Veracruzano de la Vivienda. Programa para familias de muy alto rezago social, en condiciones de muy alta vulnerabilidad habitacional.<\/p>\n\n\n\n<blockquote class=\"wp-block-quote is-layout-flow wp-block-quote-is-layout-flow\"><p>\u201cPor ello estamos visitando y corroborando los beneficiados que se han inscrito en el programa, para que de tal manera los apoyos lleguen a quienes m\u00e1s lo necesitan\u201d.<\/p><\/blockquote>\n\n\n\n<p>La obra civil de este programa de Vivienda Social 2021 iniciar\u00e1 la siguiente semana, el cual es gratuito y sin condicionamientos a los beneficiados, mismos que ahora pueden tramitar su gesti\u00f3n de manera directa, sin necesidad de intermediarios o l\u00edderes de agrupaciones que determinaban quienes pod\u00edan ser parte de estos programas.<\/p>\n\n\n\n<blockquote class=\"wp-block-quote is-layout-flow wp-block-quote-is-layout-flow\"><p>\u201cEstamos trabajando de manera puntual en apoyar a quienes verdaderamente m\u00e1s lo necesitan y este ser\u00e1 un programa permanente que el pr\u00f3ximo a\u00f1os esperamos incrementar el n\u00famero de beneficiados, ese es nuestro compromiso como servidores p\u00fablicos, contamos con un m\u00f3dulo de atenci\u00f3n de la regi\u00f3n del puerto de Veracruz ubicada dentro de plaza acuario, con el delgado Arturo Buend\u00eda, donde pueden ponerse en contacto de manera directa\u201d.<\/p><\/blockquote>\n\n\n\n<p>Por otro lado, invit\u00f3 a la ciudadan\u00eda de la Reserva Matacocuite de las secciones A, B y C, el pr\u00f3ximo 21, 22 y 23 de octubre en un horario de 9:00 a 15:00 horas el Instituto Veracruzano de la Vivienda llevar\u00e1 a cabo la jornada de regularizaci\u00f3n de lotes de inter\u00e9s social, esto como parte de la estrategia nacional y estatal para generar certeza jur\u00eddica que presentan un rezago de muchos a\u00f1os.<\/p>\n","protected":false},"excerpt":{"rendered":"<p>Jes\u00fas Utrilla | NV Noticias Veracruz.- Con la finalidad de apoyar a los sectores m\u00e1s desprotegidos, el gobierno federal en coordinaci\u00f3n con el gobierno del estado de Veracruz impulsa el programa \u201cVivienda Social 2021\u201d. Son 42 proyectos que de manera inicial se est\u00e1n llevando a cabo en el puerto de Veracruz en las colonias m\u00e1s [&hellip;]<\/p>\n","protected":false},"author":35,"featured_media":27812,"comment_status":"open","ping_status":"open","sticky":false,"template":"","format":"standard","meta":{"_monsterinsights_skip_tracking":false,"_monsterinsights_sitenote_active":false,"_monsterinsights_sitenote_note":"","_monsterinsights_sitenote_category":0,"footnotes":""},"categories":[154],"tags":[670,162,6634],"class_list":["post-27811","post","type-post","status-publish","format-standard","has-post-thumbnail","hentry","category-veracruz","tag-invivienda","tag-portada","tag-vivienda-social-2021","wp-image-borders"],"amp_enabled":true,"_links":{"self":[{"href":"https:\/\/nvnoticias.mx\/index.php\/wp-json\/wp\/v2\/posts\/27811","targetHints":{"allow":["GET"]}}],"collection":[{"href":"https:\/\/nvnoticias.mx\/index.php\/wp-json\/wp\/v2\/posts"}],"about":[{"href":"https:\/\/nvnoticias.mx\/index.php\/wp-json\/wp\/v2\/types\/post"}],"author":[{"embeddable":true,"href":"https:\/\/nvnoticias.mx\/index.php\/wp-json\/wp\/v2\/users\/35"}],"replies":[{"embeddable":true,"href":"https:\/\/nvnoticias.mx\/index.php\/wp-json\/wp\/v2\/comments?post=27811"}],"version-history":[{"count":1,"href":"https:\/\/nvnoticias.mx\/index.php\/wp-json\/wp\/v2\/posts\/27811\/revisions"}],"predecessor-version":[{"id":27813,"href":"https:\/\/nvnoticias.mx\/index.php\/wp-json\/wp\/v2\/posts\/27811\/revisions\/27813"}],"wp:featuredmedia":[{"embeddable":true,"href":"https:\/\/nvnoticias.mx\/index.php\/wp-json\/wp\/v2\/media\/27812"}],"wp:attachment":[{"href":"https:\/\/nvnoticias.mx\/index.php\/wp-json\/wp\/v2\/media?parent=27811"}],"wp:term":[{"taxonomy":"category","embeddable":true,"href":"https:\/\/nvnoticias.mx\/index.php\/wp-json\/wp\/v2\/categories?post=27811"},{"taxonomy":"post_tag","embeddable":true,"href":"https:\/\/nvnoticias.mx\/index.php\/wp-json\/wp\/v2\/tags?post=27811"}],"curies":[{"name":"wp","href":"https:\/\/api.w.org\/{rel}","templated":true}]}}