{"id":27789,"date":"2021-10-16T13:57:17","date_gmt":"2021-10-16T18:57:17","guid":{"rendered":"https:\/\/nvnoticias.mx\/?p=27789"},"modified":"2021-10-16T13:57:45","modified_gmt":"2021-10-16T18:57:45","slug":"piden-donativos-para-seguir-ayudando-a-ninos-con-cancer","status":"publish","type":"post","link":"https:\/\/nvnoticias.mx\/index.php\/2021\/10\/16\/piden-donativos-para-seguir-ayudando-a-ninos-con-cancer\/","title":{"rendered":"Piden donativos para seguir ayudando a ni\u00f1os con c\u00e1ncer"},"content":{"rendered":"\n<p><strong>Jes\u00fas Utrilla | NV Noticias<\/strong><\/p>\n\n\n\n<p>Veracruz.- La Asociaci\u00f3n Veracruzana Contra el C\u00e1ncer en Ni\u00f1os A.C.\u00a0 llam\u00f3 a la poblaci\u00f3n en general a donar para seguir apoyando a los infantes.<\/p>\n\n\n\n<p>Rosa Maylen \u00c1ngeles Bozada, presidenta de la agrupaci\u00f3n, record\u00f3 que trabajan de manera coordinada\u00a0 con asociaciones que tienen albergues para que ah\u00ed puedan pernoctar los pacientes y sus familiares cuando acuden a los hospitales de la conurbaci\u00f3n a recibir atenci\u00f3n m\u00e9dica y tratamiento. Pero adem\u00e1s entregan medicamentos, cubrebocas y art\u00edculos b\u00e1sicos para que los pacientes mantengan sus tratamientos.<\/p>\n\n\n\n<blockquote class=\"wp-block-quote is-layout-flow wp-block-quote-is-layout-flow\"><p>\u201cLa asociaci\u00f3n se mantiene de los donativos que hacemos a trav\u00e9s de los eventos sociales en los que la ciudadan\u00eda nos apoya pero necesitamos seguir trabajando juntos\u201d.<\/p><\/blockquote>\n\n\n\n<p>Por la pandemia detuvieron parcialmente y durante cierto tiempo la labor pero ahora que la retomaron llamaron a la suma de voluntades para seguir ayudando a los ni\u00f1os. El comit\u00e9 de voluntarios se conforma por 6 personas y se integrar\u00e1 el nuevo comit\u00e9 de damas voluntarias para darle seguimiento a la asociaci\u00f3n.<\/p>\n\n\n\n<blockquote class=\"wp-block-quote is-layout-flow wp-block-quote-is-layout-flow\"><p>\u201cEstuvimos parados, sin embargo, si ten\u00edamos el apoyo a ni\u00f1os, les llevamos despensas, material, medicamento como nos solicitaban el d\u00eda del ni\u00f1o, el d\u00eda de reyes, navidades, cubrebocas\u201d.<br><\/p><\/blockquote>\n\n\n\n<p>Recientemente con las damas voluntarias llevaron caf\u00e9, pan, pa\u00f1ales para ni\u00f1os, toallitas y ropa, a la Torre Pedi\u00e1trica.<\/p>\n","protected":false},"excerpt":{"rendered":"<p>Jes\u00fas Utrilla | NV Noticias Veracruz.- La Asociaci\u00f3n Veracruzana Contra el C\u00e1ncer en Ni\u00f1os A.C.\u00a0 llam\u00f3 a la poblaci\u00f3n en general a donar para seguir apoyando a los infantes. Rosa Maylen \u00c1ngeles Bozada, presidenta de la agrupaci\u00f3n, record\u00f3 que trabajan de manera coordinada\u00a0 con asociaciones que tienen albergues para que ah\u00ed puedan pernoctar los pacientes [&hellip;]<\/p>\n","protected":false},"author":35,"featured_media":18110,"comment_status":"open","ping_status":"open","sticky":false,"template":"","format":"standard","meta":{"_monsterinsights_skip_tracking":false,"_monsterinsights_sitenote_active":false,"_monsterinsights_sitenote_note":"","_monsterinsights_sitenote_category":0,"footnotes":""},"categories":[154],"tags":[1522,162],"class_list":["post-27789","post","type-post","status-publish","format-standard","has-post-thumbnail","hentry","category-veracruz","tag-cancer-infantil","tag-portada","wp-image-borders"],"amp_enabled":true,"_links":{"self":[{"href":"https:\/\/nvnoticias.mx\/index.php\/wp-json\/wp\/v2\/posts\/27789","targetHints":{"allow":["GET"]}}],"collection":[{"href":"https:\/\/nvnoticias.mx\/index.php\/wp-json\/wp\/v2\/posts"}],"about":[{"href":"https:\/\/nvnoticias.mx\/index.php\/wp-json\/wp\/v2\/types\/post"}],"author":[{"embeddable":true,"href":"https:\/\/nvnoticias.mx\/index.php\/wp-json\/wp\/v2\/users\/35"}],"replies":[{"embeddable":true,"href":"https:\/\/nvnoticias.mx\/index.php\/wp-json\/wp\/v2\/comments?post=27789"}],"version-history":[{"count":2,"href":"https:\/\/nvnoticias.mx\/index.php\/wp-json\/wp\/v2\/posts\/27789\/revisions"}],"predecessor-version":[{"id":27791,"href":"https:\/\/nvnoticias.mx\/index.php\/wp-json\/wp\/v2\/posts\/27789\/revisions\/27791"}],"wp:featuredmedia":[{"embeddable":true,"href":"https:\/\/nvnoticias.mx\/index.php\/wp-json\/wp\/v2\/media\/18110"}],"wp:attachment":[{"href":"https:\/\/nvnoticias.mx\/index.php\/wp-json\/wp\/v2\/media?parent=27789"}],"wp:term":[{"taxonomy":"category","embeddable":true,"href":"https:\/\/nvnoticias.mx\/index.php\/wp-json\/wp\/v2\/categories?post=27789"},{"taxonomy":"post_tag","embeddable":true,"href":"https:\/\/nvnoticias.mx\/index.php\/wp-json\/wp\/v2\/tags?post=27789"}],"curies":[{"name":"wp","href":"https:\/\/api.w.org\/{rel}","templated":true}]}}