{"id":27552,"date":"2021-10-14T15:47:10","date_gmt":"2021-10-14T20:47:10","guid":{"rendered":"https:\/\/nvnoticias.mx\/?p=27552"},"modified":"2021-10-14T15:47:29","modified_gmt":"2021-10-14T20:47:29","slug":"congreso-estatal-dara-voto-a-favor-de-la-reforma-energetica","status":"publish","type":"post","link":"https:\/\/nvnoticias.mx\/index.php\/2021\/10\/14\/congreso-estatal-dara-voto-a-favor-de-la-reforma-energetica\/","title":{"rendered":"Congreso Estatal dar\u00e1 voto a favor de la Reforma Energ\u00e9tica"},"content":{"rendered":"\n<p><strong>Jes\u00fas Utrilla | NV Noticias<\/strong><\/p>\n\n\n\n<p>Veracruz. \u2013 El Congreso Estatal dar\u00e1 su voto a favor de la Reforma Energ\u00e9tica planteada por el ejecutivo federal, adelant\u00f3 el gobernador de Veracruz, Cuitl\u00e1huac Garc\u00eda Jim\u00e9nez.<\/p>\n\n\n\n<p>Por otro lado dijo que investigar\u00e1n a la Polic\u00eda Municipal de Boca del R\u00edo porque debi\u00f3 ser la primera en responder ante el secuestro que se estaba cometiendo y en su lugar lleg\u00f3 primero la Fuerza Civil.<\/p>\n\n\n\n<p>Sobre el primer tema asegur\u00f3 que dialog\u00f3 con varios legisladores estatales y federales y le manifestaron su intenci\u00f3n de votar a favor de la iniciativa.<\/p>\n\n\n\n<p>Cabe recordar que al ser una Reforma Constitucional debe pasar por los congresos locales y el de Veracruz votar\u00e1 a favor.<\/p>\n\n\n\n<blockquote class=\"wp-block-quote is-layout-flow wp-block-quote-is-layout-flow\"><p>\u201cYo he platicado con los diputados locales y la inmensa mayor\u00eda apoya la reforma el\u00e9ctrica del presidente en sus t\u00e9rminos, tal como est\u00e1 enviada por el presidente. Eso nos da confianza de decir que aqu\u00ed en Veracruz la vamos a apoyar, es el sentir de la mayor\u00eda de los diputados, quienes son los representantes populares, leg\u00edtimos representantes\u201d.<\/p><\/blockquote>\n\n\n\n<p>Dijo que el estado necesita una CFE fortalecida para abatir costos y ofrecer mejores tarifas a los veracruzanos y los legisladores estatales se encuentran conscientes que si se fortalece a la Comisi\u00f3n Federal de Electricidad se lograr\u00e1 ofrecer un mejor servicio.<\/p>\n\n\n\n<p>Sobre la Polic\u00eda Municipal de Boca del R\u00edo mencion\u00f3 que ser\u00e1 investigada toda vez que nunca lleg\u00f3 al operativo implementado para rescatar a una persona que estaba siendo secuestrada.<\/p>\n\n\n\n<p>Por el contrario, gracias a la coordinaci\u00f3n del resto de las fuerzas del orden se oblig\u00f3 a los secuestradores a dejar libre a la v\u00edctima.<\/p>\n\n\n\n<blockquote class=\"wp-block-quote is-layout-flow wp-block-quote-is-layout-flow\"><p>\u201cResulta que en el alertamiento todas las corporaciones act\u00faan y nunca lleg\u00f3 el que ten\u00eda a cargo el sector policial. Se supon\u00eda que ah\u00ed deber\u00eda tener sus patrullas y no lleg\u00f3. Incluso la primera que lleg\u00f3 fue la Fuerza Civil y vamos a tener que analizar por qu\u00e9 el sector policial de Boca del R\u00edo ni siquiera lleg\u00f3\u201d.<\/p><\/blockquote>\n\n\n\n<p>Se investigar\u00e1 ya que los hechos sucedieron a plena luz del d\u00eda y en una zona altamente transitada. Sin embargo, no hubo detenidos.<\/p>\n","protected":false},"excerpt":{"rendered":"<p>Investigar\u00e1n a la Polic\u00eda Municipal de Boca del R\u00edo <\/p>\n","protected":false},"author":6,"featured_media":27553,"comment_status":"open","ping_status":"open","sticky":false,"template":"","format":"standard","meta":{"_monsterinsights_skip_tracking":false,"_monsterinsights_sitenote_active":false,"_monsterinsights_sitenote_note":"","_monsterinsights_sitenote_category":0,"footnotes":""},"categories":[154],"tags":[965,162,1553],"class_list":["post-27552","post","type-post","status-publish","format-standard","has-post-thumbnail","hentry","category-veracruz","tag-cuitlahuac-garcia-jimenez","tag-portada","tag-reforma-electrica","wp-image-borders"],"amp_enabled":true,"_links":{"self":[{"href":"https:\/\/nvnoticias.mx\/index.php\/wp-json\/wp\/v2\/posts\/27552","targetHints":{"allow":["GET"]}}],"collection":[{"href":"https:\/\/nvnoticias.mx\/index.php\/wp-json\/wp\/v2\/posts"}],"about":[{"href":"https:\/\/nvnoticias.mx\/index.php\/wp-json\/wp\/v2\/types\/post"}],"author":[{"embeddable":true,"href":"https:\/\/nvnoticias.mx\/index.php\/wp-json\/wp\/v2\/users\/6"}],"replies":[{"embeddable":true,"href":"https:\/\/nvnoticias.mx\/index.php\/wp-json\/wp\/v2\/comments?post=27552"}],"version-history":[{"count":2,"href":"https:\/\/nvnoticias.mx\/index.php\/wp-json\/wp\/v2\/posts\/27552\/revisions"}],"predecessor-version":[{"id":27555,"href":"https:\/\/nvnoticias.mx\/index.php\/wp-json\/wp\/v2\/posts\/27552\/revisions\/27555"}],"wp:featuredmedia":[{"embeddable":true,"href":"https:\/\/nvnoticias.mx\/index.php\/wp-json\/wp\/v2\/media\/27553"}],"wp:attachment":[{"href":"https:\/\/nvnoticias.mx\/index.php\/wp-json\/wp\/v2\/media?parent=27552"}],"wp:term":[{"taxonomy":"category","embeddable":true,"href":"https:\/\/nvnoticias.mx\/index.php\/wp-json\/wp\/v2\/categories?post=27552"},{"taxonomy":"post_tag","embeddable":true,"href":"https:\/\/nvnoticias.mx\/index.php\/wp-json\/wp\/v2\/tags?post=27552"}],"curies":[{"name":"wp","href":"https:\/\/api.w.org\/{rel}","templated":true}]}}