{"id":27547,"date":"2021-10-14T15:39:32","date_gmt":"2021-10-14T20:39:32","guid":{"rendered":"https:\/\/nvnoticias.mx\/?p=27547"},"modified":"2021-10-14T15:49:04","modified_gmt":"2021-10-14T20:49:04","slug":"podrian-construir-en-veracruz-nueva-nucleoelectrica","status":"publish","type":"post","link":"https:\/\/nvnoticias.mx\/index.php\/2021\/10\/14\/podrian-construir-en-veracruz-nueva-nucleoelectrica\/","title":{"rendered":"Podr\u00edan construir en Veracruz nueva nucleoel\u00e9ctrica; ICA resolver\u00e1 conflicto en Dos Bocas"},"content":{"rendered":"\n<p><strong>Jes\u00fas&nbsp;Utrilla&nbsp;| NV Noticias<\/strong>&nbsp;<\/p>\n\n\n\n<p>Veracruz. \u2013\u00a0En Laguna Verde hay espacio para construir una nueva planta nuclear, se\u00f1al\u00f3 la secretaria de Energ\u00eda, Roc\u00edo Nahle Garc\u00eda.\u00a0\u00a0<\/p>\n\n\n\n<p>Al asegurar que la nucleoel\u00e9ctrica es completamente segura, mencion\u00f3 que elaboran un estudio para que la siguiente administraci\u00f3n federal considere la construcci\u00f3n de otras centrales.&nbsp;&nbsp;<\/p>\n\n\n\n<p>En su visita a Boca del R\u00edo habl\u00f3 del conflicto de trabajadores en Dos Bocas, Tabasco, mencion\u00f3 que se trata de un problema sindical.&nbsp;&nbsp;<\/p>\n\n\n\n<p>Deber\u00e1 ser la empresa ICA la que resuelva al respecto, por el momento&nbsp;los trabajos contin\u00faan.&nbsp;&nbsp;<\/p>\n\n\n\n<p>Referente a las plantas nucleares expres\u00f3 que en Laguna Verde el personal est\u00e1 altamente calificado, pero adem\u00e1s las instalaciones son de primer nivel.&nbsp;&nbsp;<\/p>\n\n\n\n<blockquote class=\"wp-block-quote is-layout-flow wp-block-quote-is-layout-flow\"><p>\u201cNosotros hemos detectado que puede haber varios lugares donde puede haber hasta minis. Aqu\u00ed en Veracruz, en Laguna Verde, hay otro espacio que puede ampliarse otra central, est\u00e1 el espacio, hay un proyecto avanzado\u201d.&nbsp;&nbsp;<\/p><\/blockquote>\n\n\n\n<p>Explic\u00f3 que entre Sonora y Baja California Norte hay un espacio con condiciones propicias para construir una planta nuclear m\u00e1s.&nbsp;&nbsp;<\/p>\n\n\n\n<p>Sobre Dos Bocas reiter\u00f3 que la compa\u00f1\u00eda deber\u00e1 resolver el problema con los obreros.&nbsp;&nbsp;<\/p>\n\n\n\n<blockquote class=\"wp-block-quote is-layout-flow wp-block-quote-is-layout-flow\"><p>\u201cEl presidente se\u00f1al\u00f3 muy bien que es un conflicto entre dos agrupaciones, CTM y CATEM. La CATEM no est\u00e1 dentro de Dos Bocas y nosotros hemos venido trabajando muy bien con los sindicatos que casi todos son locales\u201d.&nbsp;&nbsp;<\/p><\/blockquote>\n\n\n\n<p>Participo en la Expo Energ\u00eda, donde afirm\u00f3 que el&nbsp;Gobierno Federal brindar\u00e1 toda la informaci\u00f3n que sea necesaria sobre la iniciativa de Reforma Energ\u00e9tica presentada por el Ejecutivo al Congreso de la Uni\u00f3n.&nbsp;<\/p>\n","protected":false},"excerpt":{"rendered":"<p>Jes\u00fas&nbsp;Utrilla&nbsp;| NV Noticias&nbsp; Veracruz. \u2013\u00a0En Laguna Verde hay espacio para construir una nueva planta nuclear, se\u00f1al\u00f3 la secretaria de Energ\u00eda, Roc\u00edo Nahle Garc\u00eda.\u00a0\u00a0 Al asegurar que la nucleoel\u00e9ctrica es completamente segura, mencion\u00f3 que elaboran un estudio para que la siguiente administraci\u00f3n federal considere la construcci\u00f3n de otras centrales.&nbsp;&nbsp; En su visita a Boca del R\u00edo [&hellip;]<\/p>\n","protected":false},"author":6,"featured_media":27551,"comment_status":"open","ping_status":"open","sticky":false,"template":"","format":"standard","meta":{"_monsterinsights_skip_tracking":false,"_monsterinsights_sitenote_active":false,"_monsterinsights_sitenote_note":"","_monsterinsights_sitenote_category":0,"footnotes":""},"categories":[154],"tags":[194,162,1594,180],"class_list":["post-27547","post","type-post","status-publish","format-standard","has-post-thumbnail","hentry","category-veracruz","tag-nucleoelectrica","tag-portada","tag-rocio-nahle","tag-veracruz","wp-image-borders"],"amp_enabled":true,"_links":{"self":[{"href":"https:\/\/nvnoticias.mx\/index.php\/wp-json\/wp\/v2\/posts\/27547","targetHints":{"allow":["GET"]}}],"collection":[{"href":"https:\/\/nvnoticias.mx\/index.php\/wp-json\/wp\/v2\/posts"}],"about":[{"href":"https:\/\/nvnoticias.mx\/index.php\/wp-json\/wp\/v2\/types\/post"}],"author":[{"embeddable":true,"href":"https:\/\/nvnoticias.mx\/index.php\/wp-json\/wp\/v2\/users\/6"}],"replies":[{"embeddable":true,"href":"https:\/\/nvnoticias.mx\/index.php\/wp-json\/wp\/v2\/comments?post=27547"}],"version-history":[{"count":3,"href":"https:\/\/nvnoticias.mx\/index.php\/wp-json\/wp\/v2\/posts\/27547\/revisions"}],"predecessor-version":[{"id":27556,"href":"https:\/\/nvnoticias.mx\/index.php\/wp-json\/wp\/v2\/posts\/27547\/revisions\/27556"}],"wp:featuredmedia":[{"embeddable":true,"href":"https:\/\/nvnoticias.mx\/index.php\/wp-json\/wp\/v2\/media\/27551"}],"wp:attachment":[{"href":"https:\/\/nvnoticias.mx\/index.php\/wp-json\/wp\/v2\/media?parent=27547"}],"wp:term":[{"taxonomy":"category","embeddable":true,"href":"https:\/\/nvnoticias.mx\/index.php\/wp-json\/wp\/v2\/categories?post=27547"},{"taxonomy":"post_tag","embeddable":true,"href":"https:\/\/nvnoticias.mx\/index.php\/wp-json\/wp\/v2\/tags?post=27547"}],"curies":[{"name":"wp","href":"https:\/\/api.w.org\/{rel}","templated":true}]}}