{"id":27497,"date":"2021-10-14T10:15:04","date_gmt":"2021-10-14T15:15:04","guid":{"rendered":"https:\/\/nvnoticias.mx\/?p=27497"},"modified":"2021-10-14T10:15:06","modified_gmt":"2021-10-14T15:15:06","slug":"pondran-a-exgobernadores-y-dirigentes-partidistas-en-embajadas","status":"publish","type":"post","link":"https:\/\/nvnoticias.mx\/index.php\/2021\/10\/14\/pondran-a-exgobernadores-y-dirigentes-partidistas-en-embajadas\/","title":{"rendered":"Pondr\u00e1n a exgobernadores y dirigentes partidistas en embajadas de M\u00e9xico en el exterior"},"content":{"rendered":"\n<p>Exgobernadores, dirigentes pol\u00edticos de distintos partidos y sociales ocupar\u00e1n\u00a0embajadas y consulados de\u00a0M\u00e9xico en el exterior, anunci\u00f3 el\u00a0presidente\u00a0Andr\u00e9s Manuel L\u00f3pez Obrador.<\/p>\n\n\n\n<p>En el sal\u00f3n Tesorer\u00eda de Palacio Nacional, el mandatario adelant\u00f3 que en los pr\u00f3ximos d\u00edas va a proponer al Senado de la Rep\u00fablica a un grupo de exgobernadores y dirigentes, entre los que se encuentra el gobernador priista de\u00a0Sinaloa, Quirino Ordaz, y el exmandatario panista de Nayarit, Antonio Echeverr\u00eda.<\/p>\n\n\n\n<blockquote class=\"wp-block-quote is-layout-flow wp-block-quote-is-layout-flow\"><p>\u201cVan a participar servidores p\u00fablicos, exgobernadores en nuestro gobierno en unos d\u00edas m\u00e1s voy a dar a conocer que van a representar a M\u00e9xico en embajadas, en consulados exgobernadores y dirigentes de distintos partidos y tambi\u00e9n ciudadanos sin partido, van a seguir ayudando\u201d, indic\u00f3.<\/p><\/blockquote>\n\n\n\n<p>L\u00f3pez Obrador afirm\u00f3 que todos los actores pol\u00edticos y sociales que quieran contribuir a ayudar a la transformaci\u00f3n del pa\u00eds, \u201ctienen las puertas abiertas, mujeres y hombres honestos con deseos de servir\u201d.<\/p>\n\n\n\n<p>Indic\u00f3 que varios gobernadores est\u00e1n terminado su periodo de gobierno, como el\u00a0caso de Quirino Ordaz\u00a0y el gobernador de\u00a0Guerrero, H\u00e9ctor Astudillo,\u00a0quienes, dijo, no hicieron mal trabajo.<\/p>\n\n\n\n<blockquote class=\"wp-block-quote is-layout-flow wp-block-quote-is-layout-flow\"><p>\u201cEn el caso de Guerrero, quienes conocen, saben que no es un d\u00eda de campo gobernar Guerrero porque ha sido un estado muy olvidado por la federaci\u00f3n, es de los estados m\u00e1s pobres por eso yo me siento satisfecho de que es el estado que m\u00e1s recursos est\u00e1 recibiendo ahora\u201d.<\/p><\/blockquote>\n\n\n\n<p>Consider\u00f3 que el priista\u00a0H\u00e9ctor Astudillo\u00a0hizo un buen trabajo.<\/p>\n\n\n\n<p>Fuente: El Universal<\/p>\n","protected":false},"excerpt":{"rendered":"<p>Exgobernadores, dirigentes pol\u00edticos de distintos partidos y sociales ocupar\u00e1n\u00a0embajadas y consulados de\u00a0M\u00e9xico en el exterior, anunci\u00f3 el\u00a0presidente\u00a0Andr\u00e9s Manuel L\u00f3pez Obrador. En el sal\u00f3n Tesorer\u00eda de Palacio Nacional, el mandatario adelant\u00f3 que en los pr\u00f3ximos d\u00edas va a proponer al Senado de la Rep\u00fablica a un grupo de exgobernadores y dirigentes, entre los que se encuentra [&hellip;]<\/p>\n","protected":false},"author":6,"featured_media":23271,"comment_status":"open","ping_status":"open","sticky":false,"template":"","format":"standard","meta":{"_monsterinsights_skip_tracking":false,"_monsterinsights_sitenote_active":false,"_monsterinsights_sitenote_note":"","_monsterinsights_sitenote_category":0,"footnotes":""},"categories":[158],"tags":[188,6553,3087,292],"class_list":["post-27497","post","type-post","status-publish","format-standard","has-post-thumbnail","hentry","category-politica","tag-amlo","tag-embajadas","tag-exgobernador","tag-mexico","wp-image-borders"],"amp_enabled":true,"_links":{"self":[{"href":"https:\/\/nvnoticias.mx\/index.php\/wp-json\/wp\/v2\/posts\/27497","targetHints":{"allow":["GET"]}}],"collection":[{"href":"https:\/\/nvnoticias.mx\/index.php\/wp-json\/wp\/v2\/posts"}],"about":[{"href":"https:\/\/nvnoticias.mx\/index.php\/wp-json\/wp\/v2\/types\/post"}],"author":[{"embeddable":true,"href":"https:\/\/nvnoticias.mx\/index.php\/wp-json\/wp\/v2\/users\/6"}],"replies":[{"embeddable":true,"href":"https:\/\/nvnoticias.mx\/index.php\/wp-json\/wp\/v2\/comments?post=27497"}],"version-history":[{"count":2,"href":"https:\/\/nvnoticias.mx\/index.php\/wp-json\/wp\/v2\/posts\/27497\/revisions"}],"predecessor-version":[{"id":27499,"href":"https:\/\/nvnoticias.mx\/index.php\/wp-json\/wp\/v2\/posts\/27497\/revisions\/27499"}],"wp:featuredmedia":[{"embeddable":true,"href":"https:\/\/nvnoticias.mx\/index.php\/wp-json\/wp\/v2\/media\/23271"}],"wp:attachment":[{"href":"https:\/\/nvnoticias.mx\/index.php\/wp-json\/wp\/v2\/media?parent=27497"}],"wp:term":[{"taxonomy":"category","embeddable":true,"href":"https:\/\/nvnoticias.mx\/index.php\/wp-json\/wp\/v2\/categories?post=27497"},{"taxonomy":"post_tag","embeddable":true,"href":"https:\/\/nvnoticias.mx\/index.php\/wp-json\/wp\/v2\/tags?post=27497"}],"curies":[{"name":"wp","href":"https:\/\/api.w.org\/{rel}","templated":true}]}}