{"id":27401,"date":"2021-10-13T10:15:05","date_gmt":"2021-10-13T15:15:05","guid":{"rendered":"https:\/\/nvnoticias.mx\/?p=27401"},"modified":"2021-10-13T10:15:06","modified_gmt":"2021-10-13T15:15:06","slug":"presenta-cool-planet-ac-proyecto-ecologico-sostenible-s-o-s","status":"publish","type":"post","link":"https:\/\/nvnoticias.mx\/index.php\/2021\/10\/13\/presenta-cool-planet-ac-proyecto-ecologico-sostenible-s-o-s\/","title":{"rendered":"Presenta Cool Planet AC proyecto ecol\u00f3gico Sostenible S.O.S"},"content":{"rendered":"\n<p><strong>Jes\u00fas&nbsp;Utrilla&nbsp;| NV Noticias<\/strong>&nbsp;<\/p>\n\n\n\n<p>Veracruz. \u2013\u00a0 En el marco del d\u00e9cimo segundo aniversario de la organizaci\u00f3n ambientalista\u00a0Cool\u00a0Planet\u00a0A.C., que preside Luis Enrique Aguilar \u00c1lvarez, se efectu\u00f3 la presentaci\u00f3n del proyecto ecol\u00f3gico Sostenible S.O.S., que tiene como objetivo <strong>&#8220;Promover los tres aspectos m\u00e1s importantes para la sociedad, econom\u00eda y medio ambiente tras resaltar la importancia de que caminen juntos&#8221;.\u00a0<\/strong><\/p>\n\n\n\n<p>El evento se llev\u00f3 a cabo en la&nbsp;macroplaza&nbsp;del Malec\u00f3n de Veracruz y cont\u00f3 con la presencia del sector empresarial, integrantes de los tres niveles de gobierno en donde se destac\u00f3 la importancia de proteger el ambiente en la entidad veracruzana.&nbsp;<\/p>\n\n\n\n<p>Al respecto, Luis Enrique Aguilar \u00c1lvarez, presidente de la organizaci\u00f3n&nbsp;Cool&nbsp;Planet&nbsp;A.C., destac\u00f3 la importancia del rescate del medio ambiente y reconoci\u00f3 que la organizaci\u00f3n que preside, tiene la misi\u00f3n de mejorar la calidad de vida, econom\u00eda y el medio ambiente.&nbsp;<\/p>\n\n\n\n<p>Agreg\u00f3 que la organizaci\u00f3n&nbsp;Cool&nbsp;Planet&nbsp;A.C., naci\u00f3 hace 12 a\u00f1os con la misi\u00f3n de contribuir con el rescate del medio ambiente derivado al gran da\u00f1o a las zonas ecol\u00f3gicas y su inter\u00e9s es sumar a la iniciativa privada como a los tres niveles gubernamentales para cuidar las zonas naturales en los 212 municipios del estado.&nbsp;<\/p>\n\n\n\n<p>En ese sentido, precis\u00f3 que como organismo ambientalista se colabora con empresas como SS Belleza M\u00e9xico, Instituciones Educativas p\u00fablicas y privadas, el sector hotelero y restaurantero y el gobierno federal, estatal y municipal con el objetivo de trabajar de manera sostenible en donde mantengan un enfoque preventivo que favorezca el medio ambiente, as\u00ed como fomentar iniciativas que promuevan una mejor responsabilidad ambiental y finalmente favorezcan el desarrollo y la difusi\u00f3n de las tecnolog\u00edas respetuosas con el medio ambiente.&nbsp;<\/p>\n","protected":false},"excerpt":{"rendered":"<p>Jes\u00fas&nbsp;Utrilla&nbsp;| NV Noticias&nbsp; Veracruz. \u2013\u00a0 En el marco del d\u00e9cimo segundo aniversario de la organizaci\u00f3n ambientalista\u00a0Cool\u00a0Planet\u00a0A.C., que preside Luis Enrique Aguilar \u00c1lvarez, se efectu\u00f3 la presentaci\u00f3n del proyecto ecol\u00f3gico Sostenible S.O.S., que tiene como objetivo &#8220;Promover los tres aspectos m\u00e1s importantes para la sociedad, econom\u00eda y medio ambiente tras resaltar la importancia de que caminen [&hellip;]<\/p>\n","protected":false},"author":6,"featured_media":27403,"comment_status":"open","ping_status":"open","sticky":false,"template":"","format":"standard","meta":{"_monsterinsights_skip_tracking":false,"_monsterinsights_sitenote_active":false,"_monsterinsights_sitenote_note":"","_monsterinsights_sitenote_category":0,"footnotes":""},"categories":[154],"tags":[6536,6537],"class_list":["post-27401","post","type-post","status-publish","format-standard","has-post-thumbnail","hentry","category-veracruz","tag-cool-planet-ac","tag-proyecto-ecologico","wp-image-borders"],"amp_enabled":true,"_links":{"self":[{"href":"https:\/\/nvnoticias.mx\/index.php\/wp-json\/wp\/v2\/posts\/27401","targetHints":{"allow":["GET"]}}],"collection":[{"href":"https:\/\/nvnoticias.mx\/index.php\/wp-json\/wp\/v2\/posts"}],"about":[{"href":"https:\/\/nvnoticias.mx\/index.php\/wp-json\/wp\/v2\/types\/post"}],"author":[{"embeddable":true,"href":"https:\/\/nvnoticias.mx\/index.php\/wp-json\/wp\/v2\/users\/6"}],"replies":[{"embeddable":true,"href":"https:\/\/nvnoticias.mx\/index.php\/wp-json\/wp\/v2\/comments?post=27401"}],"version-history":[{"count":1,"href":"https:\/\/nvnoticias.mx\/index.php\/wp-json\/wp\/v2\/posts\/27401\/revisions"}],"predecessor-version":[{"id":27402,"href":"https:\/\/nvnoticias.mx\/index.php\/wp-json\/wp\/v2\/posts\/27401\/revisions\/27402"}],"wp:featuredmedia":[{"embeddable":true,"href":"https:\/\/nvnoticias.mx\/index.php\/wp-json\/wp\/v2\/media\/27403"}],"wp:attachment":[{"href":"https:\/\/nvnoticias.mx\/index.php\/wp-json\/wp\/v2\/media?parent=27401"}],"wp:term":[{"taxonomy":"category","embeddable":true,"href":"https:\/\/nvnoticias.mx\/index.php\/wp-json\/wp\/v2\/categories?post=27401"},{"taxonomy":"post_tag","embeddable":true,"href":"https:\/\/nvnoticias.mx\/index.php\/wp-json\/wp\/v2\/tags?post=27401"}],"curies":[{"name":"wp","href":"https:\/\/api.w.org\/{rel}","templated":true}]}}