{"id":27346,"date":"2021-10-12T13:01:28","date_gmt":"2021-10-12T18:01:28","guid":{"rendered":"https:\/\/nvnoticias.mx\/?p=27346"},"modified":"2021-10-12T13:01:29","modified_gmt":"2021-10-12T18:01:29","slug":"requieren-cerca-200-mdp-reparar-escuelas-danadas-zona-norte","status":"publish","type":"post","link":"https:\/\/nvnoticias.mx\/index.php\/2021\/10\/12\/requieren-cerca-200-mdp-reparar-escuelas-danadas-zona-norte\/","title":{"rendered":"Se requieren cerca de 200 mdp para reparar escuelas da\u00f1adas en la zona norte"},"content":{"rendered":"\n<p><strong>Jes\u00fas&nbsp;Utrilla&nbsp;| NV Noticias<\/strong>&nbsp;<\/p>\n\n\n\n<p>Veracruz. \u2013&nbsp; Espacios Educativos se invertir\u00e1n&nbsp;alrededor&nbsp;de 300 millones de pesos en la educaci\u00f3n superior del estado.&nbsp;<\/p>\n\n\n\n<p>Ricardo Garc\u00eda Jim\u00e9nez, director de Espacios Educativos, dijo que el a\u00f1o pasado fueron 200 millones de pesos invertidos.&nbsp;<\/p>\n\n\n\n<p>En el caso de Lerdo de Tejada esperar\u00e1n las indicaciones correspondientes para determinar si se necesitan inversiones o solamente acciones de limpieza.&nbsp;<\/p>\n\n\n\n<p>Sin embargo, tardar\u00e1 cerca de una semana porque las acciones siguen enfocadas en la zona norte.&nbsp;<\/p>\n\n\n\n<blockquote class=\"wp-block-quote is-layout-flow wp-block-quote-is-layout-flow\"><p>\u201cAhorita estamos atendiendo tambi\u00e9n el tema del hurac\u00e1n entonces tardar\u00edamos una semana m\u00e1s para saber de las escuelas da\u00f1adas en Lerdo. Estamos a la espera porque podr\u00eda solo ser tema de limpieza\u201d.\u00a0<\/p><\/blockquote>\n\n\n\n<p>El reporte es de mil 400 escuelas da\u00f1adas al norte del estado por el hurac\u00e1n pasado y 400 de ellas requieren atenci\u00f3n urgente, pues tienen da\u00f1os severos.&nbsp;<\/p>\n\n\n\n<p>La afectaci\u00f3n principal fueron los domos ca\u00eddos y l\u00e1minas desprendidas.&nbsp;<\/p>\n\n\n\n<blockquote class=\"wp-block-quote is-layout-flow wp-block-quote-is-layout-flow\"><p>\u201cTenemos varios pendientes, estamos trabajando para presentar el resultado del an\u00e1lisis de las escuelas y proceder a la revisi\u00f3n para asignar recursos. La federaci\u00f3n aportar\u00e1 50 por ciento. Hay \u00e1rboles\u00a0ca\u00eddos,\u00a0pero en algunas se volaron l\u00e1minas y techos\u201d.\u00a0<\/p><\/blockquote>\n\n\n\n<p>Lo estimado es que deban canalizarse cerca de 200 millones de&nbsp;pesos,&nbsp;pero la reconstrucci\u00f3n de las escuelas del norte de la entidad.&nbsp;<\/p>\n","protected":false},"excerpt":{"rendered":"<p>Jes\u00fas&nbsp;Utrilla&nbsp;| NV Noticias&nbsp; Veracruz. \u2013&nbsp; Espacios Educativos se invertir\u00e1n&nbsp;alrededor&nbsp;de 300 millones de pesos en la educaci\u00f3n superior del estado.&nbsp; Ricardo Garc\u00eda Jim\u00e9nez, director de Espacios Educativos, dijo que el a\u00f1o pasado fueron 200 millones de pesos invertidos.&nbsp; En el caso de Lerdo de Tejada esperar\u00e1n las indicaciones correspondientes para determinar si se necesitan inversiones o [&hellip;]<\/p>\n","protected":false},"author":6,"featured_media":27348,"comment_status":"open","ping_status":"open","sticky":false,"template":"","format":"standard","meta":{"_monsterinsights_skip_tracking":false,"_monsterinsights_sitenote_active":false,"_monsterinsights_sitenote_note":"","_monsterinsights_sitenote_category":0,"footnotes":""},"categories":[154],"tags":[6526,4063],"class_list":["post-27346","post","type-post","status-publish","format-standard","has-post-thumbnail","hentry","category-veracruz","tag-escuelas-danadas","tag-zona-norte","wp-image-borders"],"amp_enabled":true,"_links":{"self":[{"href":"https:\/\/nvnoticias.mx\/index.php\/wp-json\/wp\/v2\/posts\/27346","targetHints":{"allow":["GET"]}}],"collection":[{"href":"https:\/\/nvnoticias.mx\/index.php\/wp-json\/wp\/v2\/posts"}],"about":[{"href":"https:\/\/nvnoticias.mx\/index.php\/wp-json\/wp\/v2\/types\/post"}],"author":[{"embeddable":true,"href":"https:\/\/nvnoticias.mx\/index.php\/wp-json\/wp\/v2\/users\/6"}],"replies":[{"embeddable":true,"href":"https:\/\/nvnoticias.mx\/index.php\/wp-json\/wp\/v2\/comments?post=27346"}],"version-history":[{"count":1,"href":"https:\/\/nvnoticias.mx\/index.php\/wp-json\/wp\/v2\/posts\/27346\/revisions"}],"predecessor-version":[{"id":27347,"href":"https:\/\/nvnoticias.mx\/index.php\/wp-json\/wp\/v2\/posts\/27346\/revisions\/27347"}],"wp:featuredmedia":[{"embeddable":true,"href":"https:\/\/nvnoticias.mx\/index.php\/wp-json\/wp\/v2\/media\/27348"}],"wp:attachment":[{"href":"https:\/\/nvnoticias.mx\/index.php\/wp-json\/wp\/v2\/media?parent=27346"}],"wp:term":[{"taxonomy":"category","embeddable":true,"href":"https:\/\/nvnoticias.mx\/index.php\/wp-json\/wp\/v2\/categories?post=27346"},{"taxonomy":"post_tag","embeddable":true,"href":"https:\/\/nvnoticias.mx\/index.php\/wp-json\/wp\/v2\/tags?post=27346"}],"curies":[{"name":"wp","href":"https:\/\/api.w.org\/{rel}","templated":true}]}}